
{"id":116348,"date":"2024-04-11T20:20:11","date_gmt":"2024-04-11T23:20:11","guid":{"rendered":"https:\/\/www.sudoestehoje.com.br\/novoportal\/?p=116348"},"modified":"2024-04-11T20:20:11","modified_gmt":"2024-04-11T23:20:11","slug":"brasil-lula-veta-projeto-de-lei-que-proibia-saidinhas-temporarias-de-presos","status":"publish","type":"post","link":"https:\/\/www.sudoestehoje.com.br\/novoportal\/2024\/04\/11\/brasil-lula-veta-projeto-de-lei-que-proibia-saidinhas-temporarias-de-presos\/","title":{"rendered":"BRASIL | LULA VETA PROJETO DE LEI QUE PROIBIA &#8216;SAIDINHAS&#8217; TEMPOR\u00c1RIAS DE PRESOS"},"content":{"rendered":"<p><img loading=\"lazy\" decoding=\"async\" class=\"alignnone  wp-image-116351\" src=\"https:\/\/www.sudoestehoje.com.br\/novoportal\/wp-content\/uploads\/2024\/04\/portaldoholanda-4d870158-0dfd-4273-8b2e-dbab4f62d9be-1288589-600x360.jpg\" alt=\"\" width=\"547\" height=\"328\" srcset=\"https:\/\/www.sudoestehoje.com.br\/novoportal\/wp-content\/uploads\/2024\/04\/portaldoholanda-4d870158-0dfd-4273-8b2e-dbab4f62d9be-1288589-600x360.jpg 600w, https:\/\/www.sudoestehoje.com.br\/novoportal\/wp-content\/uploads\/2024\/04\/portaldoholanda-4d870158-0dfd-4273-8b2e-dbab4f62d9be-1288589-700x420.jpg 700w, https:\/\/www.sudoestehoje.com.br\/novoportal\/wp-content\/uploads\/2024\/04\/portaldoholanda-4d870158-0dfd-4273-8b2e-dbab4f62d9be-1288589.jpg 750w\" sizes=\"auto, (max-width: 547px) 100vw, 547px\" \/><\/p>\n<p><strong>O presidente Lula (PT) vetou parcialmente o projeto que acaba com as sa\u00eddas tempor\u00e1rias de presos, que tinha sido aprovado pelo Congresso. Com isso, ele manteve as saidinhas para que os detentos possam visitar familiares em datas comemorativas. <\/strong><\/p>\n<p><strong>O an\u00fancio foi feito pelo ministro da <b>Justi\u00e7a<\/b>\u00a0e Seguran\u00e7a P\u00fablica, Ricardo Lewandowski, durante pronunciamento no Pal\u00e1cio do Planalto. Ele estava acompanhado do ministro da Advocacia-Geral da Uni\u00e3o (AGU), Jorge Messias. <\/strong><\/p>\n<p><strong>O texto dever\u00e1 ser publicado no Di\u00e1rio Oficial da Uni\u00e3o desta sexta-feira (12). O Congresso Nacional pode derrubar o veto presidencial, podendo reestabelecer as restri\u00e7\u00f5es.<\/strong><\/p>\n","protected":false},"excerpt":{"rendered":"<p>O presidente Lula (PT) vetou parcialmente o projeto que acaba com as sa\u00eddas tempor\u00e1rias de presos, que tinha sido aprovado pelo Congresso. Com isso, ele manteve as saidinhas para que os detentos possam visitar familiares em datas comemorativas. O an\u00fancio foi feito pelo ministro da Justi\u00e7a\u00a0e Seguran\u00e7a P\u00fablica, Ricardo Lewandowski, durante pronunciamento no Pal\u00e1cio do [&hellip;]<\/p>\n","protected":false},"author":2,"featured_media":116351,"comment_status":"closed","ping_status":"open","sticky":false,"template":"","format":"standard","meta":{"footnotes":"","_links_to":"","_links_to_target":""},"categories":[1],"tags":[],"class_list":["post-116348","post","type-post","status-publish","format-standard","has-post-thumbnail","hentry","category-geral"],"views":1075,"_links":{"self":[{"href":"https:\/\/www.sudoestehoje.com.br\/novoportal\/wp-json\/wp\/v2\/posts\/116348","targetHints":{"allow":["GET"]}}],"collection":[{"href":"https:\/\/www.sudoestehoje.com.br\/novoportal\/wp-json\/wp\/v2\/posts"}],"about":[{"href":"https:\/\/www.sudoestehoje.com.br\/novoportal\/wp-json\/wp\/v2\/types\/post"}],"author":[{"embeddable":true,"href":"https:\/\/www.sudoestehoje.com.br\/novoportal\/wp-json\/wp\/v2\/users\/2"}],"replies":[{"embeddable":true,"href":"https:\/\/www.sudoestehoje.com.br\/novoportal\/wp-json\/wp\/v2\/comments?post=116348"}],"version-history":[{"count":3,"href":"https:\/\/www.sudoestehoje.com.br\/novoportal\/wp-json\/wp\/v2\/posts\/116348\/revisions"}],"predecessor-version":[{"id":116352,"href":"https:\/\/www.sudoestehoje.com.br\/novoportal\/wp-json\/wp\/v2\/posts\/116348\/revisions\/116352"}],"wp:featuredmedia":[{"embeddable":true,"href":"https:\/\/www.sudoestehoje.com.br\/novoportal\/wp-json\/wp\/v2\/media\/116351"}],"wp:attachment":[{"href":"https:\/\/www.sudoestehoje.com.br\/novoportal\/wp-json\/wp\/v2\/media?parent=116348"}],"wp:term":[{"taxonomy":"category","embeddable":true,"href":"https:\/\/www.sudoestehoje.com.br\/novoportal\/wp-json\/wp\/v2\/categories?post=116348"},{"taxonomy":"post_tag","embeddable":true,"href":"https:\/\/www.sudoestehoje.com.br\/novoportal\/wp-json\/wp\/v2\/tags?post=116348"}],"curies":[{"name":"wp","href":"https:\/\/api.w.org\/{rel}","templated":true}]}}