
{"id":116336,"date":"2024-04-11T10:15:26","date_gmt":"2024-04-11T13:15:26","guid":{"rendered":"https:\/\/www.sudoestehoje.com.br\/novoportal\/?p=116336"},"modified":"2024-04-11T10:25:44","modified_gmt":"2024-04-11T13:25:44","slug":"extremo-sul-acidente-de-onibus-na-br-101-deixa-8-mortos-e-23-feridos","status":"publish","type":"post","link":"https:\/\/www.sudoestehoje.com.br\/novoportal\/2024\/04\/11\/extremo-sul-acidente-de-onibus-na-br-101-deixa-8-mortos-e-23-feridos\/","title":{"rendered":"EXTREMO SUL | ACIDENTE COM \u00d4NIBUS NA BR-101 DEIXA 9 MORTOS E 23 FERIDOS"},"content":{"rendered":"<p><img loading=\"lazy\" decoding=\"async\" class=\"alignnone wp-image-116337\" src=\"https:\/\/www.sudoestehoje.com.br\/novoportal\/wp-content\/uploads\/2024\/04\/IMAGEM_NOTICIA_9-1-600x315.webp\" alt=\"\" width=\"551\" height=\"289\" srcset=\"https:\/\/www.sudoestehoje.com.br\/novoportal\/wp-content\/uploads\/2024\/04\/IMAGEM_NOTICIA_9-1-600x315.webp 600w, https:\/\/www.sudoestehoje.com.br\/novoportal\/wp-content\/uploads\/2024\/04\/IMAGEM_NOTICIA_9-1-700x368.webp 700w, https:\/\/www.sudoestehoje.com.br\/novoportal\/wp-content\/uploads\/2024\/04\/IMAGEM_NOTICIA_9-1-768x403.webp 768w, https:\/\/www.sudoestehoje.com.br\/novoportal\/wp-content\/uploads\/2024\/04\/IMAGEM_NOTICIA_9-1.webp 1200w\" sizes=\"auto, (max-width: 551px) 100vw, 551px\" \/><\/p>\n<p><strong>Um acidente deixou pelo menos nove mortos ap\u00f3s um \u00f4nibus tombar em um trecho da BR-101 de <a href=\"https:\/\/www.bahianoticias.com.br\/tags\/teixeira-de-freitas\" target=\"_blank\" rel=\"noopener\">Teixeira de Freitas<\/a>, no Extremo Sul baiano. O fato ocorreu na madrugada desta quinta-feira (11), por volta das 4h25, com um \u00f4nibus da empresa RM Viagens e Turismo, na altura do km 885.<\/strong><\/p>\n<p><strong>O ve\u00edculo teria colidido com um barranco e em seguida tombado\u00a0na rodovia. Segundo a Pol\u00edcia Rodovi\u00e1ria Federal (PRF) na Bahia, outros 23 passageiros ficaram feridos e foram levados para hospitais da regi\u00e3o.<\/strong><\/p>\n<p><strong>Ainda segundo a PRF, o ve\u00edculo tinha sa\u00eddo do Rio de Janeiro e seguia para Porto Seguro, na Costa do Descobrimento, com 34 pessoas. N\u00e3o h\u00e1 mais informa\u00e7\u00f5es sobre o estado de sa\u00fade dos feridos. Equipes do Samu e do Corpo de Bombeiros seguem em apoio \u00e0 ocorr\u00eancia.<\/strong><\/p>\n","protected":false},"excerpt":{"rendered":"<p>Um acidente deixou pelo menos nove mortos ap\u00f3s um \u00f4nibus tombar em um trecho da BR-101 de Teixeira de Freitas, no Extremo Sul baiano. O fato ocorreu na madrugada desta quinta-feira (11), por volta das 4h25, com um \u00f4nibus da empresa RM Viagens e Turismo, na altura do km 885. O ve\u00edculo teria colidido com [&hellip;]<\/p>\n","protected":false},"author":2,"featured_media":116337,"comment_status":"closed","ping_status":"open","sticky":false,"template":"","format":"standard","meta":{"footnotes":"","_links_to":"","_links_to_target":""},"categories":[1],"tags":[],"class_list":["post-116336","post","type-post","status-publish","format-standard","has-post-thumbnail","hentry","category-geral"],"views":4662,"_links":{"self":[{"href":"https:\/\/www.sudoestehoje.com.br\/novoportal\/wp-json\/wp\/v2\/posts\/116336","targetHints":{"allow":["GET"]}}],"collection":[{"href":"https:\/\/www.sudoestehoje.com.br\/novoportal\/wp-json\/wp\/v2\/posts"}],"about":[{"href":"https:\/\/www.sudoestehoje.com.br\/novoportal\/wp-json\/wp\/v2\/types\/post"}],"author":[{"embeddable":true,"href":"https:\/\/www.sudoestehoje.com.br\/novoportal\/wp-json\/wp\/v2\/users\/2"}],"replies":[{"embeddable":true,"href":"https:\/\/www.sudoestehoje.com.br\/novoportal\/wp-json\/wp\/v2\/comments?post=116336"}],"version-history":[{"count":4,"href":"https:\/\/www.sudoestehoje.com.br\/novoportal\/wp-json\/wp\/v2\/posts\/116336\/revisions"}],"predecessor-version":[{"id":116341,"href":"https:\/\/www.sudoestehoje.com.br\/novoportal\/wp-json\/wp\/v2\/posts\/116336\/revisions\/116341"}],"wp:featuredmedia":[{"embeddable":true,"href":"https:\/\/www.sudoestehoje.com.br\/novoportal\/wp-json\/wp\/v2\/media\/116337"}],"wp:attachment":[{"href":"https:\/\/www.sudoestehoje.com.br\/novoportal\/wp-json\/wp\/v2\/media?parent=116336"}],"wp:term":[{"taxonomy":"category","embeddable":true,"href":"https:\/\/www.sudoestehoje.com.br\/novoportal\/wp-json\/wp\/v2\/categories?post=116336"},{"taxonomy":"post_tag","embeddable":true,"href":"https:\/\/www.sudoestehoje.com.br\/novoportal\/wp-json\/wp\/v2\/tags?post=116336"}],"curies":[{"name":"wp","href":"https:\/\/api.w.org\/{rel}","templated":true}]}}