
{"id":116318,"date":"2024-04-10T10:01:59","date_gmt":"2024-04-10T13:01:59","guid":{"rendered":"https:\/\/www.sudoestehoje.com.br\/novoportal\/?p=116318"},"modified":"2024-04-10T10:01:59","modified_gmt":"2024-04-10T13:01:59","slug":"itapetinga-cida-moura-avisa-a-aliados-que-nao-aceita-compor-com-joao-de-deus","status":"publish","type":"post","link":"https:\/\/www.sudoestehoje.com.br\/novoportal\/2024\/04\/10\/itapetinga-cida-moura-avisa-a-aliados-que-nao-aceita-compor-com-joao-de-deus\/","title":{"rendered":"ITAPETINGA | CIDA MOURA AVISA A ALIADOS QUE N\u00c3O ACEITA COMPOR COM JO\u00c3O DE DEUS"},"content":{"rendered":"<p><img loading=\"lazy\" decoding=\"async\" class=\"alignnone  wp-image-116320\" src=\"https:\/\/www.sudoestehoje.com.br\/novoportal\/wp-content\/uploads\/2024\/04\/2a91e1a9-6fc6-44cb-ba55-cc6a40a35f87-600x474.jpg\" alt=\"\" width=\"551\" height=\"436\" srcset=\"https:\/\/www.sudoestehoje.com.br\/novoportal\/wp-content\/uploads\/2024\/04\/2a91e1a9-6fc6-44cb-ba55-cc6a40a35f87-600x474.jpg 600w, https:\/\/www.sudoestehoje.com.br\/novoportal\/wp-content\/uploads\/2024\/04\/2a91e1a9-6fc6-44cb-ba55-cc6a40a35f87-700x553.jpg 700w, https:\/\/www.sudoestehoje.com.br\/novoportal\/wp-content\/uploads\/2024\/04\/2a91e1a9-6fc6-44cb-ba55-cc6a40a35f87-768x607.jpg 768w, https:\/\/www.sudoestehoje.com.br\/novoportal\/wp-content\/uploads\/2024\/04\/2a91e1a9-6fc6-44cb-ba55-cc6a40a35f87.jpg 962w\" sizes=\"auto, (max-width: 551px) 100vw, 551px\" \/><\/p>\n<p><strong>Pr\u00e9-candidata a prefeita de Itapetinga, a ex-primeira dama da cidade Cida Moura (PSD) avisou a aliados que n\u00e3o pretende compor com o presidente da C\u00e2mara Municipal, Jo\u00e3o de Deus (PT), nas elei\u00e7\u00f5es deste ano. Lideran\u00e7as estaduais ligadas ao grupo petista trabalham por uma uni\u00e3o entre os dois, com Jo\u00e3o de Deus na cabe\u00e7a da chapa e Cida na vice.<\/strong><\/p>\n<p><strong>Esposa do ex-prefeito Z\u00e9 Carlos Moura, ela se filiou recentemente ao PSD, com aval do senador Otto Alencar, presidente estadual do partido, para disputar a prefeitura. J\u00e1 Jo\u00e3o de Deus, tamb\u00e9m recentemente, se filiou ao PT com articula\u00e7\u00e3o do deputado estadual Rosemberg Pinto (PT), l\u00edder do governo Jer\u00f4nimo Rodrigues (PT) na Assembleia Legislativa.<\/strong><\/p>\n<p><strong>Cida, contudo, avisou a aliados pr\u00f3ximos que n\u00e3o aceitaria ser vice de Jo\u00e3o de Deus. Internamente, se comenta que o melhor posicionado nas pesquisas ser\u00e1 referendado como o candidato do grupo petista no munic\u00edpio. Mas ela disse a pessoas pr\u00f3ximas que, mesmo que fique em segundo, atr\u00e1s de Jo\u00e3o de Deus, n\u00e3o ser\u00e1 candidata. O caminho, contaram aliados dela, ser\u00e1 retirar a pr\u00e9-candidatura a prefeita e n\u00e3o disputar a elei\u00e7\u00e3o.<\/strong><\/p>\n<p><strong>No ano passado, Cida chegou a ser especulada no PT para entrar no pleito deste ano, mas as conversas n\u00e3o avan\u00e7aram. Jo\u00e3o de Deus, por sua vez, decidiu romper com o grupo do prefeito Rodrigo Hagge (MDB) e se filiar ao PT, o que tem gerado pol\u00eamica na cidade, j\u00e1 que o presidente da C\u00e2mara \u00e9 eleitor do ex-presidente Jair Bolsonaro (PL). \/\/Politica Livre<\/strong><\/p>\n","protected":false},"excerpt":{"rendered":"<p>Pr\u00e9-candidata a prefeita de Itapetinga, a ex-primeira dama da cidade Cida Moura (PSD) avisou a aliados que n\u00e3o pretende compor com o presidente da C\u00e2mara Municipal, Jo\u00e3o de Deus (PT), nas elei\u00e7\u00f5es deste ano. Lideran\u00e7as estaduais ligadas ao grupo petista trabalham por uma uni\u00e3o entre os dois, com Jo\u00e3o de Deus na cabe\u00e7a da chapa [&hellip;]<\/p>\n","protected":false},"author":2,"featured_media":116320,"comment_status":"closed","ping_status":"open","sticky":false,"template":"","format":"standard","meta":{"footnotes":"","_links_to":"","_links_to_target":""},"categories":[1],"tags":[],"class_list":["post-116318","post","type-post","status-publish","format-standard","has-post-thumbnail","hentry","category-geral"],"views":1950,"_links":{"self":[{"href":"https:\/\/www.sudoestehoje.com.br\/novoportal\/wp-json\/wp\/v2\/posts\/116318","targetHints":{"allow":["GET"]}}],"collection":[{"href":"https:\/\/www.sudoestehoje.com.br\/novoportal\/wp-json\/wp\/v2\/posts"}],"about":[{"href":"https:\/\/www.sudoestehoje.com.br\/novoportal\/wp-json\/wp\/v2\/types\/post"}],"author":[{"embeddable":true,"href":"https:\/\/www.sudoestehoje.com.br\/novoportal\/wp-json\/wp\/v2\/users\/2"}],"replies":[{"embeddable":true,"href":"https:\/\/www.sudoestehoje.com.br\/novoportal\/wp-json\/wp\/v2\/comments?post=116318"}],"version-history":[{"count":3,"href":"https:\/\/www.sudoestehoje.com.br\/novoportal\/wp-json\/wp\/v2\/posts\/116318\/revisions"}],"predecessor-version":[{"id":116322,"href":"https:\/\/www.sudoestehoje.com.br\/novoportal\/wp-json\/wp\/v2\/posts\/116318\/revisions\/116322"}],"wp:featuredmedia":[{"embeddable":true,"href":"https:\/\/www.sudoestehoje.com.br\/novoportal\/wp-json\/wp\/v2\/media\/116320"}],"wp:attachment":[{"href":"https:\/\/www.sudoestehoje.com.br\/novoportal\/wp-json\/wp\/v2\/media?parent=116318"}],"wp:term":[{"taxonomy":"category","embeddable":true,"href":"https:\/\/www.sudoestehoje.com.br\/novoportal\/wp-json\/wp\/v2\/categories?post=116318"},{"taxonomy":"post_tag","embeddable":true,"href":"https:\/\/www.sudoestehoje.com.br\/novoportal\/wp-json\/wp\/v2\/tags?post=116318"}],"curies":[{"name":"wp","href":"https:\/\/api.w.org\/{rel}","templated":true}]}}