
{"id":116295,"date":"2024-04-09T18:38:29","date_gmt":"2024-04-09T21:38:29","guid":{"rendered":"https:\/\/www.sudoestehoje.com.br\/novoportal\/?p=116295"},"modified":"2024-04-09T18:38:45","modified_gmt":"2024-04-09T21:38:45","slug":"pedro-tavares-destaca-expectativa-de-crescimento-do-uniao-brasil-em-itapetinga","status":"publish","type":"post","link":"https:\/\/www.sudoestehoje.com.br\/novoportal\/2024\/04\/09\/pedro-tavares-destaca-expectativa-de-crescimento-do-uniao-brasil-em-itapetinga\/","title":{"rendered":"PEDRO TAVARES DESTACA EXPECTATIVA DE CRESCIMENTO DO UNI\u00c3O BRASIL EM ITAPETINGA"},"content":{"rendered":"<p><img loading=\"lazy\" decoding=\"async\" class=\"alignnone wp-image-116297\" src=\"https:\/\/www.sudoestehoje.com.br\/novoportal\/wp-content\/uploads\/2024\/04\/e1c2bd61-7128-43f5-9155-bf9892eeb8e3-600x392.jpg\" alt=\"\" width=\"551\" height=\"360\" srcset=\"https:\/\/www.sudoestehoje.com.br\/novoportal\/wp-content\/uploads\/2024\/04\/e1c2bd61-7128-43f5-9155-bf9892eeb8e3-600x392.jpg 600w, https:\/\/www.sudoestehoje.com.br\/novoportal\/wp-content\/uploads\/2024\/04\/e1c2bd61-7128-43f5-9155-bf9892eeb8e3-700x457.jpg 700w, https:\/\/www.sudoestehoje.com.br\/novoportal\/wp-content\/uploads\/2024\/04\/e1c2bd61-7128-43f5-9155-bf9892eeb8e3-768x502.jpg 768w, https:\/\/www.sudoestehoje.com.br\/novoportal\/wp-content\/uploads\/2024\/04\/e1c2bd61-7128-43f5-9155-bf9892eeb8e3.jpg 1073w\" sizes=\"auto, (max-width: 551px) 100vw, 551px\" \/><\/p>\n<p><strong>O deputado estadual Pedro Tavares fez uma avalia\u00e7\u00e3o positiva sobre a perspectiva de crescimento do Uni\u00e3o Brasil em Itapetinga, com a ades\u00e3o de muitos pr\u00e9-candidatos a vereadores ao Partido, na cidade. Segundo o deputado, o ingresso de novos membros ao Uni\u00e3o mostrou o engajamento do trabalho do Partido na cidade, abrindo novos caminhos e fortalecendo a atua\u00e7\u00e3o pol\u00edtica, visando atender os anseios da popula\u00e7\u00e3o.<\/strong><\/p>\n<p><strong>O deputado participou do evento de filia\u00e7\u00e3o, que contou com a presen\u00e7a de lideran\u00e7as que mostram o compromisso e o amor pela cidade.\u00a0Tavares esteve presente no ato de filia\u00e7\u00e3o da secret\u00e1ria de Sa\u00fade, Rosania Rabelo e do vereador Helder de Bandeira. O evento foi realizado na \u00faltima sexta-feira (05\/04), no munic\u00edpio contando com a presen\u00e7a do prefeito Rodrigo Hagge e do pr\u00e9-candidato a prefeito Eduardo.<\/strong><\/p>\n<p><strong>\u201cA filia\u00e7\u00e3o dos pr\u00e9-candidatos ao Uni\u00e3o Brasil aumenta a perspectiva de ampliarmos a participa\u00e7\u00e3o do partido na C\u00e2mara de Vereadores. Quero parabenizar a todos os filiados e desejar boa sorte. Eles contribuem tamb\u00e9m para o fortalecimento do grupo pol\u00edtico do nosso pr\u00e9-candidato a prefeito Eduardo Hagge, que vai seguir o compromisso de cuidar de nossa Itapetinga, dando continuidade ao forte trabalho realizado pela gest\u00e3o do prefeito Rodrigo\u201d, afirmou.<\/strong><\/p>\n","protected":false},"excerpt":{"rendered":"<p>O deputado estadual Pedro Tavares fez uma avalia\u00e7\u00e3o positiva sobre a perspectiva de crescimento do Uni\u00e3o Brasil em Itapetinga, com a ades\u00e3o de muitos pr\u00e9-candidatos a vereadores ao Partido, na cidade. Segundo o deputado, o ingresso de novos membros ao Uni\u00e3o mostrou o engajamento do trabalho do Partido na cidade, abrindo novos caminhos e fortalecendo [&hellip;]<\/p>\n","protected":false},"author":2,"featured_media":116297,"comment_status":"closed","ping_status":"open","sticky":false,"template":"","format":"standard","meta":{"footnotes":"","_links_to":"","_links_to_target":""},"categories":[1],"tags":[],"class_list":["post-116295","post","type-post","status-publish","format-standard","has-post-thumbnail","hentry","category-geral"],"views":875,"_links":{"self":[{"href":"https:\/\/www.sudoestehoje.com.br\/novoportal\/wp-json\/wp\/v2\/posts\/116295","targetHints":{"allow":["GET"]}}],"collection":[{"href":"https:\/\/www.sudoestehoje.com.br\/novoportal\/wp-json\/wp\/v2\/posts"}],"about":[{"href":"https:\/\/www.sudoestehoje.com.br\/novoportal\/wp-json\/wp\/v2\/types\/post"}],"author":[{"embeddable":true,"href":"https:\/\/www.sudoestehoje.com.br\/novoportal\/wp-json\/wp\/v2\/users\/2"}],"replies":[{"embeddable":true,"href":"https:\/\/www.sudoestehoje.com.br\/novoportal\/wp-json\/wp\/v2\/comments?post=116295"}],"version-history":[{"count":4,"href":"https:\/\/www.sudoestehoje.com.br\/novoportal\/wp-json\/wp\/v2\/posts\/116295\/revisions"}],"predecessor-version":[{"id":116300,"href":"https:\/\/www.sudoestehoje.com.br\/novoportal\/wp-json\/wp\/v2\/posts\/116295\/revisions\/116300"}],"wp:featuredmedia":[{"embeddable":true,"href":"https:\/\/www.sudoestehoje.com.br\/novoportal\/wp-json\/wp\/v2\/media\/116297"}],"wp:attachment":[{"href":"https:\/\/www.sudoestehoje.com.br\/novoportal\/wp-json\/wp\/v2\/media?parent=116295"}],"wp:term":[{"taxonomy":"category","embeddable":true,"href":"https:\/\/www.sudoestehoje.com.br\/novoportal\/wp-json\/wp\/v2\/categories?post=116295"},{"taxonomy":"post_tag","embeddable":true,"href":"https:\/\/www.sudoestehoje.com.br\/novoportal\/wp-json\/wp\/v2\/tags?post=116295"}],"curies":[{"name":"wp","href":"https:\/\/api.w.org\/{rel}","templated":true}]}}