
{"id":116287,"date":"2024-04-08T18:07:18","date_gmt":"2024-04-08T21:07:18","guid":{"rendered":"https:\/\/www.sudoestehoje.com.br\/novoportal\/?p=116287"},"modified":"2024-04-08T18:11:34","modified_gmt":"2024-04-08T21:11:34","slug":"coopardo-e-coop-fecham-parceria-para-organizar-stand-na-expoconquista-2024","status":"publish","type":"post","link":"https:\/\/www.sudoestehoje.com.br\/novoportal\/2024\/04\/08\/coopardo-e-coop-fecham-parceria-para-organizar-stand-na-expoconquista-2024\/","title":{"rendered":"COOPARDO E COOPEMAC FECHAM PARCERIA PARA MONTAGEM DE STAND NA EXPOCONQUISTA 2024"},"content":{"rendered":"<p><img loading=\"lazy\" decoding=\"async\" class=\"alignnone wp-image-116288\" src=\"https:\/\/www.sudoestehoje.com.br\/novoportal\/wp-content\/uploads\/2024\/04\/ff399dab-678e-47f3-adef-fabef4c01dc8-600x338.jpg\" alt=\"\" width=\"549\" height=\"309\" srcset=\"https:\/\/www.sudoestehoje.com.br\/novoportal\/wp-content\/uploads\/2024\/04\/ff399dab-678e-47f3-adef-fabef4c01dc8-600x338.jpg 600w, https:\/\/www.sudoestehoje.com.br\/novoportal\/wp-content\/uploads\/2024\/04\/ff399dab-678e-47f3-adef-fabef4c01dc8-700x394.jpg 700w, https:\/\/www.sudoestehoje.com.br\/novoportal\/wp-content\/uploads\/2024\/04\/ff399dab-678e-47f3-adef-fabef4c01dc8-768x432.jpg 768w, https:\/\/www.sudoestehoje.com.br\/novoportal\/wp-content\/uploads\/2024\/04\/ff399dab-678e-47f3-adef-fabef4c01dc8.jpg 1280w\" sizes=\"auto, (max-width: 549px) 100vw, 549px\" \/><\/p>\n<p><strong>A Coopardo, em parceria com a Coopmac, participar\u00e1 da Exposi\u00e7\u00e3o Agropecu\u00e1ria de Vit\u00f3ria da Conquista, a EXPOCONQUISTA 2024, em stand conjunto das duas maiores cooperativas da regi\u00e3o sudoeste.<\/strong><\/p>\n<p><strong> A nova diretoria Coopmac e sua equipe se reuniram com o diretor presidente da Coopardo, Alex Coelho, para iniciar os tra\u00e7ados na organiza\u00e7\u00e3o do Stand no Parque de Exposi\u00e7\u00f5es Teopompo de Almeida, que ser\u00e1 uma jun\u00e7\u00e3o Coopardo\/Coopmac.<\/strong><\/p>\n<p><img loading=\"lazy\" decoding=\"async\" class=\"alignnone wp-image-116289\" src=\"https:\/\/www.sudoestehoje.com.br\/novoportal\/wp-content\/uploads\/2024\/04\/63ce9fc8-b290-4fd7-9955-dc55e98e4c45-600x450.jpg\" alt=\"\" width=\"551\" height=\"413\" srcset=\"https:\/\/www.sudoestehoje.com.br\/novoportal\/wp-content\/uploads\/2024\/04\/63ce9fc8-b290-4fd7-9955-dc55e98e4c45-600x450.jpg 600w, https:\/\/www.sudoestehoje.com.br\/novoportal\/wp-content\/uploads\/2024\/04\/63ce9fc8-b290-4fd7-9955-dc55e98e4c45-700x525.jpg 700w, https:\/\/www.sudoestehoje.com.br\/novoportal\/wp-content\/uploads\/2024\/04\/63ce9fc8-b290-4fd7-9955-dc55e98e4c45-768x576.jpg 768w, https:\/\/www.sudoestehoje.com.br\/novoportal\/wp-content\/uploads\/2024\/04\/63ce9fc8-b290-4fd7-9955-dc55e98e4c45.jpg 1280w\" sizes=\"auto, (max-width: 551px) 100vw, 551px\" \/><\/p>\n<p><strong><em>&#8220;Teremos v\u00e1rias atra\u00e7\u00f5es no percurso para cooperados, agropecuaristas e filia\u00e7\u00e3o de novos Cooperados. Premia\u00e7\u00f5es a produtores, palestras, brindes, um dia para os criadores de equinos, ovinos e caprinos, bovinos. Estaremos prontos para receber a fam\u00edlia dos cooperados. E por fim nossa confraterniza\u00e7\u00e3o. Aguardem novos momentos&#8221;<\/em>, informou Alex Coelho, presidente da Coopardo.<\/strong><\/p>\n<p><strong>A Expoconquista ser\u00e1 realizada entre os dia 5 e 9 de junho.<\/strong><\/p>\n<p><strong>Reda\u00e7\u00e3o SH<\/strong><\/p>\n","protected":false},"excerpt":{"rendered":"<p>A Coopardo, em parceria com a Coopmac, participar\u00e1 da Exposi\u00e7\u00e3o Agropecu\u00e1ria de Vit\u00f3ria da Conquista, a EXPOCONQUISTA 2024, em stand conjunto das duas maiores cooperativas da regi\u00e3o sudoeste. A nova diretoria Coopmac e sua equipe se reuniram com o diretor presidente da Coopardo, Alex Coelho, para iniciar os tra\u00e7ados na organiza\u00e7\u00e3o do Stand no Parque [&hellip;]<\/p>\n","protected":false},"author":2,"featured_media":116288,"comment_status":"closed","ping_status":"open","sticky":false,"template":"","format":"standard","meta":{"footnotes":"","_links_to":"","_links_to_target":""},"categories":[1],"tags":[],"class_list":["post-116287","post","type-post","status-publish","format-standard","has-post-thumbnail","hentry","category-geral"],"views":849,"_links":{"self":[{"href":"https:\/\/www.sudoestehoje.com.br\/novoportal\/wp-json\/wp\/v2\/posts\/116287","targetHints":{"allow":["GET"]}}],"collection":[{"href":"https:\/\/www.sudoestehoje.com.br\/novoportal\/wp-json\/wp\/v2\/posts"}],"about":[{"href":"https:\/\/www.sudoestehoje.com.br\/novoportal\/wp-json\/wp\/v2\/types\/post"}],"author":[{"embeddable":true,"href":"https:\/\/www.sudoestehoje.com.br\/novoportal\/wp-json\/wp\/v2\/users\/2"}],"replies":[{"embeddable":true,"href":"https:\/\/www.sudoestehoje.com.br\/novoportal\/wp-json\/wp\/v2\/comments?post=116287"}],"version-history":[{"count":5,"href":"https:\/\/www.sudoestehoje.com.br\/novoportal\/wp-json\/wp\/v2\/posts\/116287\/revisions"}],"predecessor-version":[{"id":116294,"href":"https:\/\/www.sudoestehoje.com.br\/novoportal\/wp-json\/wp\/v2\/posts\/116287\/revisions\/116294"}],"wp:featuredmedia":[{"embeddable":true,"href":"https:\/\/www.sudoestehoje.com.br\/novoportal\/wp-json\/wp\/v2\/media\/116288"}],"wp:attachment":[{"href":"https:\/\/www.sudoestehoje.com.br\/novoportal\/wp-json\/wp\/v2\/media?parent=116287"}],"wp:term":[{"taxonomy":"category","embeddable":true,"href":"https:\/\/www.sudoestehoje.com.br\/novoportal\/wp-json\/wp\/v2\/categories?post=116287"},{"taxonomy":"post_tag","embeddable":true,"href":"https:\/\/www.sudoestehoje.com.br\/novoportal\/wp-json\/wp\/v2\/tags?post=116287"}],"curies":[{"name":"wp","href":"https:\/\/api.w.org\/{rel}","templated":true}]}}