
{"id":116279,"date":"2024-04-08T15:34:59","date_gmt":"2024-04-08T18:34:59","guid":{"rendered":"https:\/\/www.sudoestehoje.com.br\/novoportal\/?p=116279"},"modified":"2024-04-08T15:39:21","modified_gmt":"2024-04-08T18:39:21","slug":"apos-criticar-o-pt-amaral-jr-e-demitido-da-radio-de-rosemberg-pinto","status":"publish","type":"post","link":"https:\/\/www.sudoestehoje.com.br\/novoportal\/2024\/04\/08\/apos-criticar-o-pt-amaral-jr-e-demitido-da-radio-de-rosemberg-pinto\/","title":{"rendered":"ITAPETINGA | AP\u00d3S CRITICAR O PT, AMARAL JR \u00c9 DEMITIDO DA R\u00c1DIO DE ROSEMBERG PINTO"},"content":{"rendered":"<p><img loading=\"lazy\" decoding=\"async\" class=\"alignnone wp-image-116280\" src=\"https:\/\/www.sudoestehoje.com.br\/novoportal\/wp-content\/uploads\/2024\/04\/70c0cfde-a9c2-4fa8-8da9-435e158d0d15-600x364.jpg\" alt=\"\" width=\"550\" height=\"334\" srcset=\"https:\/\/www.sudoestehoje.com.br\/novoportal\/wp-content\/uploads\/2024\/04\/70c0cfde-a9c2-4fa8-8da9-435e158d0d15-600x364.jpg 600w, https:\/\/www.sudoestehoje.com.br\/novoportal\/wp-content\/uploads\/2024\/04\/70c0cfde-a9c2-4fa8-8da9-435e158d0d15-700x424.jpg 700w, https:\/\/www.sudoestehoje.com.br\/novoportal\/wp-content\/uploads\/2024\/04\/70c0cfde-a9c2-4fa8-8da9-435e158d0d15-768x465.jpg 768w, https:\/\/www.sudoestehoje.com.br\/novoportal\/wp-content\/uploads\/2024\/04\/70c0cfde-a9c2-4fa8-8da9-435e158d0d15.jpg 1079w\" sizes=\"auto, (max-width: 550px) 100vw, 550px\" \/><\/p>\n<p><strong>Na \u00faltima sexta-feira (5), o radialista Amaral Junior encerrou o seu programa de not\u00edcias da R\u00e1dio Cidade FM de Itapetinga, dando a entender que estava se despedindo da emissora, ap\u00f3s criticar os rumos da pol\u00edtica desagregadora do grupo pol\u00edtico do deputado estadual Rosemberg Pinto (PT), do qual fazia parte e chegou a ser candidato a prefeito, em 2020.<\/strong><\/p>\n<p><strong>Nesta segunda-feira (8), o radialista n\u00e3o perdeu por esperar e recebeu um comunicado da dire\u00e7\u00e3o da emissora, dispensando os seus servi\u00e7os e tchau. A informa\u00e7\u00e3o foi dada pelo pr\u00f3prio Amaral, atrav\u00e9s da sua conta no Instagram. Confira:<\/strong><\/p>\n<p><img loading=\"lazy\" decoding=\"async\" class=\"alignnone wp-image-116281\" src=\"https:\/\/www.sudoestehoje.com.br\/novoportal\/wp-content\/uploads\/2024\/04\/a2cb2a80-3547-4995-a2e5-88fb2d35f4ac-548x800.jpg\" alt=\"\" width=\"546\" height=\"797\" srcset=\"https:\/\/www.sudoestehoje.com.br\/novoportal\/wp-content\/uploads\/2024\/04\/a2cb2a80-3547-4995-a2e5-88fb2d35f4ac-548x800.jpg 548w, https:\/\/www.sudoestehoje.com.br\/novoportal\/wp-content\/uploads\/2024\/04\/a2cb2a80-3547-4995-a2e5-88fb2d35f4ac-685x1000.jpg 685w, https:\/\/www.sudoestehoje.com.br\/novoportal\/wp-content\/uploads\/2024\/04\/a2cb2a80-3547-4995-a2e5-88fb2d35f4ac-768x1121.jpg 768w, https:\/\/www.sudoestehoje.com.br\/novoportal\/wp-content\/uploads\/2024\/04\/a2cb2a80-3547-4995-a2e5-88fb2d35f4ac-1053x1536.jpg 1053w, https:\/\/www.sudoestehoje.com.br\/novoportal\/wp-content\/uploads\/2024\/04\/a2cb2a80-3547-4995-a2e5-88fb2d35f4ac.jpg 1080w\" sizes=\"auto, (max-width: 546px) 100vw, 546px\" \/><\/p>\n<p><strong>Amaral, que teve quase 5 mil votos como candidato a prefeito na \u00faltima elei\u00e7\u00e3o, e era um dos pr\u00e9-candidatos a prefeito da legenda nestas elei\u00e7\u00f5es, est\u00e1 agora dispon\u00edvel no mercado pol\u00edtico da &#8216;capital da pecu\u00e1ria&#8217; e tem tudo para bagun\u00e7ar, ainda mais, o conturbado PT de Itapetinga, largado e abandonado por todos.<\/strong><\/p>\n<p><strong>Do jeito que vai, n\u00e3o fica ningu\u00e9m pra bater a tampa do caix\u00e3o&#8230;<\/strong><\/p>\n<p><strong>Por Davi Ferraz<\/strong><\/p>\n","protected":false},"excerpt":{"rendered":"<p>Na \u00faltima sexta-feira (5), o radialista Amaral Junior encerrou o seu programa de not\u00edcias da R\u00e1dio Cidade FM de Itapetinga, dando a entender que estava se despedindo da emissora, ap\u00f3s criticar os rumos da pol\u00edtica desagregadora do grupo pol\u00edtico do deputado estadual Rosemberg Pinto (PT), do qual fazia parte e chegou a ser candidato a [&hellip;]<\/p>\n","protected":false},"author":2,"featured_media":116280,"comment_status":"closed","ping_status":"open","sticky":false,"template":"","format":"standard","meta":{"footnotes":"","_links_to":"","_links_to_target":""},"categories":[1],"tags":[],"class_list":["post-116279","post","type-post","status-publish","format-standard","has-post-thumbnail","hentry","category-geral"],"views":1921,"_links":{"self":[{"href":"https:\/\/www.sudoestehoje.com.br\/novoportal\/wp-json\/wp\/v2\/posts\/116279","targetHints":{"allow":["GET"]}}],"collection":[{"href":"https:\/\/www.sudoestehoje.com.br\/novoportal\/wp-json\/wp\/v2\/posts"}],"about":[{"href":"https:\/\/www.sudoestehoje.com.br\/novoportal\/wp-json\/wp\/v2\/types\/post"}],"author":[{"embeddable":true,"href":"https:\/\/www.sudoestehoje.com.br\/novoportal\/wp-json\/wp\/v2\/users\/2"}],"replies":[{"embeddable":true,"href":"https:\/\/www.sudoestehoje.com.br\/novoportal\/wp-json\/wp\/v2\/comments?post=116279"}],"version-history":[{"count":5,"href":"https:\/\/www.sudoestehoje.com.br\/novoportal\/wp-json\/wp\/v2\/posts\/116279\/revisions"}],"predecessor-version":[{"id":116286,"href":"https:\/\/www.sudoestehoje.com.br\/novoportal\/wp-json\/wp\/v2\/posts\/116279\/revisions\/116286"}],"wp:featuredmedia":[{"embeddable":true,"href":"https:\/\/www.sudoestehoje.com.br\/novoportal\/wp-json\/wp\/v2\/media\/116280"}],"wp:attachment":[{"href":"https:\/\/www.sudoestehoje.com.br\/novoportal\/wp-json\/wp\/v2\/media?parent=116279"}],"wp:term":[{"taxonomy":"category","embeddable":true,"href":"https:\/\/www.sudoestehoje.com.br\/novoportal\/wp-json\/wp\/v2\/categories?post=116279"},{"taxonomy":"post_tag","embeddable":true,"href":"https:\/\/www.sudoestehoje.com.br\/novoportal\/wp-json\/wp\/v2\/tags?post=116279"}],"curies":[{"name":"wp","href":"https:\/\/api.w.org\/{rel}","templated":true}]}}