
{"id":116255,"date":"2024-04-07T00:19:39","date_gmt":"2024-04-07T03:19:39","guid":{"rendered":"https:\/\/www.sudoestehoje.com.br\/novoportal\/?p=116255"},"modified":"2024-04-07T00:27:05","modified_gmt":"2024-04-07T03:27:05","slug":"itapetinga-morre-aos-91-anos-o-querido-pecuarista-sisinio-galvao","status":"publish","type":"post","link":"https:\/\/www.sudoestehoje.com.br\/novoportal\/2024\/04\/07\/itapetinga-morre-aos-91-anos-o-querido-pecuarista-sisinio-galvao\/","title":{"rendered":"ITAPETINGA | MORRE AOS 91 ANOS O QUERIDO PECUARISTA SIS\u00cdNIO GALV\u00c3O MARINHO"},"content":{"rendered":"<p><img loading=\"lazy\" decoding=\"async\" class=\"alignnone wp-image-116257\" src=\"https:\/\/www.sudoestehoje.com.br\/novoportal\/wp-content\/uploads\/2024\/04\/fa770a15-a14d-4467-9793-1ace524c4282.jpg\" alt=\"\" width=\"551\" height=\"515\" \/><\/p>\n<p><strong>Faleceu, no final da tarde deste s\u00e1bado (6), o pecuarista Sisinio Galv\u00e3o, pai do engenheiro civil e ex-secret\u00e1rio municipal Dr. Sis\u00ednio Galv\u00e3o Filho.<\/strong><\/p>\n<p><strong>Natural da cidade baiana de Ruy Barbosa, Sisinio Galv\u00e3o se estabeleceu e constituiu fam\u00edlia em Itapetinga, no in\u00edcio da d\u00e9cada de 1960, atuando como gerente do Banco Econ\u00f4mico por v\u00e1rios anos, at\u00e9 se aposentar.<\/strong><\/p>\n<p><strong>De acordo com informa\u00e7\u00f5es da fam\u00edlia, o Sr. Sisinio fazia tratamento de sa\u00fade, mas n\u00e3o resistiu a novas complica\u00e7\u00f5es, vindo a \u00f3bito.<\/strong><\/p>\n<p><strong>O Sudoeste Hoje lamenta a perda do amigo e estende todo o seu pesar \u00e0 fam\u00edlia enlutada.<\/strong><\/p>\n<p><strong>O corpo ser\u00e1 velado a partir das 9h deste domingo (7), na Pax Perfei\u00e7\u00e3o, com sepultamento previsto para o final da tarde.<\/strong><\/p>\n<p><strong>Davi Ferraz &#8211; Editor<\/strong><\/p>\n","protected":false},"excerpt":{"rendered":"<p>Faleceu, no final da tarde deste s\u00e1bado (6), o pecuarista Sisinio Galv\u00e3o, pai do engenheiro civil e ex-secret\u00e1rio municipal Dr. Sis\u00ednio Galv\u00e3o Filho. Natural da cidade baiana de Ruy Barbosa, Sisinio Galv\u00e3o se estabeleceu e constituiu fam\u00edlia em Itapetinga, no in\u00edcio da d\u00e9cada de 1960, atuando como gerente do Banco Econ\u00f4mico por v\u00e1rios anos, at\u00e9 [&hellip;]<\/p>\n","protected":false},"author":2,"featured_media":116257,"comment_status":"closed","ping_status":"open","sticky":false,"template":"","format":"standard","meta":{"footnotes":"","_links_to":"","_links_to_target":""},"categories":[1],"tags":[],"class_list":["post-116255","post","type-post","status-publish","format-standard","has-post-thumbnail","hentry","category-geral"],"views":2476,"_links":{"self":[{"href":"https:\/\/www.sudoestehoje.com.br\/novoportal\/wp-json\/wp\/v2\/posts\/116255","targetHints":{"allow":["GET"]}}],"collection":[{"href":"https:\/\/www.sudoestehoje.com.br\/novoportal\/wp-json\/wp\/v2\/posts"}],"about":[{"href":"https:\/\/www.sudoestehoje.com.br\/novoportal\/wp-json\/wp\/v2\/types\/post"}],"author":[{"embeddable":true,"href":"https:\/\/www.sudoestehoje.com.br\/novoportal\/wp-json\/wp\/v2\/users\/2"}],"replies":[{"embeddable":true,"href":"https:\/\/www.sudoestehoje.com.br\/novoportal\/wp-json\/wp\/v2\/comments?post=116255"}],"version-history":[{"count":8,"href":"https:\/\/www.sudoestehoje.com.br\/novoportal\/wp-json\/wp\/v2\/posts\/116255\/revisions"}],"predecessor-version":[{"id":116264,"href":"https:\/\/www.sudoestehoje.com.br\/novoportal\/wp-json\/wp\/v2\/posts\/116255\/revisions\/116264"}],"wp:featuredmedia":[{"embeddable":true,"href":"https:\/\/www.sudoestehoje.com.br\/novoportal\/wp-json\/wp\/v2\/media\/116257"}],"wp:attachment":[{"href":"https:\/\/www.sudoestehoje.com.br\/novoportal\/wp-json\/wp\/v2\/media?parent=116255"}],"wp:term":[{"taxonomy":"category","embeddable":true,"href":"https:\/\/www.sudoestehoje.com.br\/novoportal\/wp-json\/wp\/v2\/categories?post=116255"},{"taxonomy":"post_tag","embeddable":true,"href":"https:\/\/www.sudoestehoje.com.br\/novoportal\/wp-json\/wp\/v2\/tags?post=116255"}],"curies":[{"name":"wp","href":"https:\/\/api.w.org\/{rel}","templated":true}]}}