
{"id":116251,"date":"2024-04-06T19:51:25","date_gmt":"2024-04-06T22:51:25","guid":{"rendered":"https:\/\/www.sudoestehoje.com.br\/novoportal\/?p=116251"},"modified":"2024-04-06T19:51:25","modified_gmt":"2024-04-06T22:51:25","slug":"cartunista-ziraldo-morre-aos-91-anos","status":"publish","type":"post","link":"https:\/\/www.sudoestehoje.com.br\/novoportal\/2024\/04\/06\/cartunista-ziraldo-morre-aos-91-anos\/","title":{"rendered":"CARTUNISTA ZIRALDO MORRE AOS 91 ANOS"},"content":{"rendered":"<p><img loading=\"lazy\" decoding=\"async\" class=\"alignnone  wp-image-116252\" src=\"https:\/\/www.sudoestehoje.com.br\/novoportal\/wp-content\/uploads\/2024\/04\/whatsapp-image-2022-09-28-at-18.02.27-1--600x334.jpeg\" alt=\"\" width=\"551\" height=\"307\" srcset=\"https:\/\/www.sudoestehoje.com.br\/novoportal\/wp-content\/uploads\/2024\/04\/whatsapp-image-2022-09-28-at-18.02.27-1--600x334.jpeg 600w, https:\/\/www.sudoestehoje.com.br\/novoportal\/wp-content\/uploads\/2024\/04\/whatsapp-image-2022-09-28-at-18.02.27-1--700x389.jpeg 700w, https:\/\/www.sudoestehoje.com.br\/novoportal\/wp-content\/uploads\/2024\/04\/whatsapp-image-2022-09-28-at-18.02.27-1--768x427.jpeg 768w, https:\/\/www.sudoestehoje.com.br\/novoportal\/wp-content\/uploads\/2024\/04\/whatsapp-image-2022-09-28-at-18.02.27-1-.jpeg 984w\" sizes=\"auto, (max-width: 551px) 100vw, 551px\" \/><\/p>\n<p><strong>O cartunista Ziraldo morreu na tarde deste s\u00e1bado (6), aos 91 anos. A informa\u00e7\u00e3o da morte foi confirmada pela fam\u00edlia. Ele faleceu enquanto dormia em sua resid\u00eancia, no Rio de Janeiro.<\/strong><\/p>\n<p><strong>Ziraldo foi o criador da hist\u00f3ria do \u201cMenino Maluquinho\u201d, seu grande sucesso.<\/strong><\/p>\n<p><strong>Sua carreira tamb\u00e9m \u00e9 marcada por obras como \u201cTurma do Perer\u00ea\u201d, al\u00e9m de ter, tamb\u00e9m, participa\u00e7\u00e3o ativa na funda\u00e7\u00e3o do jornal \u201cO Pasquim\u201d, um dos principais ve\u00edculos cr\u00edticos ao regime militar no Brasil.<\/strong><\/p>\n","protected":false},"excerpt":{"rendered":"<p>O cartunista Ziraldo morreu na tarde deste s\u00e1bado (6), aos 91 anos. A informa\u00e7\u00e3o da morte foi confirmada pela fam\u00edlia. Ele faleceu enquanto dormia em sua resid\u00eancia, no Rio de Janeiro. Ziraldo foi o criador da hist\u00f3ria do \u201cMenino Maluquinho\u201d, seu grande sucesso. Sua carreira tamb\u00e9m \u00e9 marcada por obras como \u201cTurma do Perer\u00ea\u201d, al\u00e9m [&hellip;]<\/p>\n","protected":false},"author":2,"featured_media":116252,"comment_status":"closed","ping_status":"open","sticky":false,"template":"","format":"standard","meta":{"footnotes":"","_links_to":"","_links_to_target":""},"categories":[1],"tags":[],"class_list":["post-116251","post","type-post","status-publish","format-standard","has-post-thumbnail","hentry","category-geral"],"views":859,"_links":{"self":[{"href":"https:\/\/www.sudoestehoje.com.br\/novoportal\/wp-json\/wp\/v2\/posts\/116251","targetHints":{"allow":["GET"]}}],"collection":[{"href":"https:\/\/www.sudoestehoje.com.br\/novoportal\/wp-json\/wp\/v2\/posts"}],"about":[{"href":"https:\/\/www.sudoestehoje.com.br\/novoportal\/wp-json\/wp\/v2\/types\/post"}],"author":[{"embeddable":true,"href":"https:\/\/www.sudoestehoje.com.br\/novoportal\/wp-json\/wp\/v2\/users\/2"}],"replies":[{"embeddable":true,"href":"https:\/\/www.sudoestehoje.com.br\/novoportal\/wp-json\/wp\/v2\/comments?post=116251"}],"version-history":[{"count":1,"href":"https:\/\/www.sudoestehoje.com.br\/novoportal\/wp-json\/wp\/v2\/posts\/116251\/revisions"}],"predecessor-version":[{"id":116253,"href":"https:\/\/www.sudoestehoje.com.br\/novoportal\/wp-json\/wp\/v2\/posts\/116251\/revisions\/116253"}],"wp:featuredmedia":[{"embeddable":true,"href":"https:\/\/www.sudoestehoje.com.br\/novoportal\/wp-json\/wp\/v2\/media\/116252"}],"wp:attachment":[{"href":"https:\/\/www.sudoestehoje.com.br\/novoportal\/wp-json\/wp\/v2\/media?parent=116251"}],"wp:term":[{"taxonomy":"category","embeddable":true,"href":"https:\/\/www.sudoestehoje.com.br\/novoportal\/wp-json\/wp\/v2\/categories?post=116251"},{"taxonomy":"post_tag","embeddable":true,"href":"https:\/\/www.sudoestehoje.com.br\/novoportal\/wp-json\/wp\/v2\/tags?post=116251"}],"curies":[{"name":"wp","href":"https:\/\/api.w.org\/{rel}","templated":true}]}}