
{"id":116214,"date":"2024-04-04T17:00:25","date_gmt":"2024-04-04T20:00:25","guid":{"rendered":"https:\/\/www.sudoestehoje.com.br\/novoportal\/?p=116214"},"modified":"2024-04-04T17:00:25","modified_gmt":"2024-04-04T20:00:25","slug":"eleicoes-2024-prazo-para-filiacao-partidaria-encerra-no-proximo-sabado-6","status":"publish","type":"post","link":"https:\/\/www.sudoestehoje.com.br\/novoportal\/2024\/04\/04\/eleicoes-2024-prazo-para-filiacao-partidaria-encerra-no-proximo-sabado-6\/","title":{"rendered":"ELEI\u00c7\u00d5ES 2024: PRAZO PARA FILIA\u00c7\u00c3O PARTID\u00c1RIA ENCERRA NO PR\u00d3XIMO S\u00c1BADO (6)"},"content":{"rendered":"<p><img loading=\"lazy\" decoding=\"async\" class=\"alignnone  wp-image-116216\" src=\"https:\/\/www.sudoestehoje.com.br\/novoportal\/wp-content\/uploads\/2024\/04\/fc892316-7d83-49f4-8f93-bb993f647780.jpeg\" alt=\"\" width=\"544\" height=\"262\" \/><\/p>\n<p><strong>Encerra-se no pr\u00f3ximo s\u00e1bado (6) o prazo para filia\u00e7\u00e3o partid\u00e1ria para quem pretende concorrer aos cargos de vereador, prefeito ou vice-prefeito nas elei\u00e7\u00f5es municipais deste ano. Essa data-limite \u00e9 fixada pela legisla\u00e7\u00e3o eleitoral e corresponde ao prazo de seis meses que antecede o primeiro turno do pleito, marcado para 6 de outubro.<\/strong><\/p>\n<p><strong>O dia 6 de abril tamb\u00e9m \u00e9 a data final para que a pessoa que pretende se candidatar nas elei\u00e7\u00f5es deste ano esteja com domic\u00edlio eleitoral no munic\u00edpio em que deseja concorrer.<\/strong><\/p>\n<p><strong>A filia\u00e7\u00e3o partid\u00e1ria \u00e9 condi\u00e7\u00e3o essencial para garantir a elegibilidade da candidata ou do candidato e est\u00e1 prevista no Artigo 14 da Constitui\u00e7\u00e3o Federal. A legisla\u00e7\u00e3o brasileira n\u00e3o permite a candidatura avulsa, sem a candidata ou o candidato estar vinculado a um partido pol\u00edtico.<\/strong><\/p>\n<p><strong>A legisla\u00e7\u00e3o tamb\u00e9m define outros crit\u00e9rios de elegibilidade. O candidata ou o candidato deve, por exemplo, ter nacionalidade brasileira, possuir alistamento eleitoral e domic\u00edlio na regi\u00e3o de candidatura, e estar no pleno exerc\u00edcio dos direitos pol\u00edticos \u2013 podendo a pessoa votar e ser votada. Deve ter, ainda, a idade m\u00ednima para poder concorrer ao cargo pretendido.<\/strong><\/p>\n","protected":false},"excerpt":{"rendered":"<p>Encerra-se no pr\u00f3ximo s\u00e1bado (6) o prazo para filia\u00e7\u00e3o partid\u00e1ria para quem pretende concorrer aos cargos de vereador, prefeito ou vice-prefeito nas elei\u00e7\u00f5es municipais deste ano. Essa data-limite \u00e9 fixada pela legisla\u00e7\u00e3o eleitoral e corresponde ao prazo de seis meses que antecede o primeiro turno do pleito, marcado para 6 de outubro. O dia 6 [&hellip;]<\/p>\n","protected":false},"author":2,"featured_media":116216,"comment_status":"closed","ping_status":"open","sticky":false,"template":"","format":"standard","meta":{"footnotes":"","_links_to":"","_links_to_target":""},"categories":[1],"tags":[],"class_list":["post-116214","post","type-post","status-publish","format-standard","has-post-thumbnail","hentry","category-geral"],"views":550,"_links":{"self":[{"href":"https:\/\/www.sudoestehoje.com.br\/novoportal\/wp-json\/wp\/v2\/posts\/116214","targetHints":{"allow":["GET"]}}],"collection":[{"href":"https:\/\/www.sudoestehoje.com.br\/novoportal\/wp-json\/wp\/v2\/posts"}],"about":[{"href":"https:\/\/www.sudoestehoje.com.br\/novoportal\/wp-json\/wp\/v2\/types\/post"}],"author":[{"embeddable":true,"href":"https:\/\/www.sudoestehoje.com.br\/novoportal\/wp-json\/wp\/v2\/users\/2"}],"replies":[{"embeddable":true,"href":"https:\/\/www.sudoestehoje.com.br\/novoportal\/wp-json\/wp\/v2\/comments?post=116214"}],"version-history":[{"count":2,"href":"https:\/\/www.sudoestehoje.com.br\/novoportal\/wp-json\/wp\/v2\/posts\/116214\/revisions"}],"predecessor-version":[{"id":116217,"href":"https:\/\/www.sudoestehoje.com.br\/novoportal\/wp-json\/wp\/v2\/posts\/116214\/revisions\/116217"}],"wp:featuredmedia":[{"embeddable":true,"href":"https:\/\/www.sudoestehoje.com.br\/novoportal\/wp-json\/wp\/v2\/media\/116216"}],"wp:attachment":[{"href":"https:\/\/www.sudoestehoje.com.br\/novoportal\/wp-json\/wp\/v2\/media?parent=116214"}],"wp:term":[{"taxonomy":"category","embeddable":true,"href":"https:\/\/www.sudoestehoje.com.br\/novoportal\/wp-json\/wp\/v2\/categories?post=116214"},{"taxonomy":"post_tag","embeddable":true,"href":"https:\/\/www.sudoestehoje.com.br\/novoportal\/wp-json\/wp\/v2\/tags?post=116214"}],"curies":[{"name":"wp","href":"https:\/\/api.w.org\/{rel}","templated":true}]}}