
{"id":116196,"date":"2024-04-04T09:45:41","date_gmt":"2024-04-04T12:45:41","guid":{"rendered":"https:\/\/www.sudoestehoje.com.br\/novoportal\/?p=116196"},"modified":"2024-04-04T09:46:34","modified_gmt":"2024-04-04T12:46:34","slug":"morre-o-comerciante-valquirio-oliveira-irmao-de-napinho-do-superkitty","status":"publish","type":"post","link":"https:\/\/www.sudoestehoje.com.br\/novoportal\/2024\/04\/04\/morre-o-comerciante-valquirio-oliveira-irmao-de-napinho-do-superkitty\/","title":{"rendered":"MORRE O COMERCIANTE VALQU\u00cdRIO OLIVEIRA, IRM\u00c3O DE NAPINHO DO SUPERKITTY"},"content":{"rendered":"<p><img loading=\"lazy\" decoding=\"async\" class=\"alignnone wp-image-116197\" src=\"https:\/\/www.sudoestehoje.com.br\/novoportal\/wp-content\/uploads\/2024\/04\/WhatsApp-Image-2024-04-04-at-9.41.30-AM-600x334.jpeg\" alt=\"\" width=\"551\" height=\"307\" srcset=\"https:\/\/www.sudoestehoje.com.br\/novoportal\/wp-content\/uploads\/2024\/04\/WhatsApp-Image-2024-04-04-at-9.41.30-AM-600x334.jpeg 600w, https:\/\/www.sudoestehoje.com.br\/novoportal\/wp-content\/uploads\/2024\/04\/WhatsApp-Image-2024-04-04-at-9.41.30-AM-700x390.jpeg 700w, https:\/\/www.sudoestehoje.com.br\/novoportal\/wp-content\/uploads\/2024\/04\/WhatsApp-Image-2024-04-04-at-9.41.30-AM-768x428.jpeg 768w, https:\/\/www.sudoestehoje.com.br\/novoportal\/wp-content\/uploads\/2024\/04\/WhatsApp-Image-2024-04-04-at-9.41.30-AM.jpeg 940w\" sizes=\"auto, (max-width: 551px) 100vw, 551px\" \/><\/p>\n<p><strong>Faleceu, na manh\u00e3 desta quinta-feira (4), o comerciante Valqu\u00edrio Oliveira, irm\u00e3o do empres\u00e1rio Napinho do Superkitty e Valmom Oliveira (in memoria).<\/strong><\/p>\n<p><strong>De acordo com informa\u00e7\u00f5es de familiares, Valquirio sofreu um infarto, foi socorrido, mas n\u00e3o resistiu.<\/strong><\/p>\n<p><strong>Propriet\u00e1rio de um mercadinho no bairro Primavera, Valquirio deixa 4 filhos e uma neta. O Sudoeste Hoje lamenta a perda do amigo e estende todo o seu pesar \u00e0 fam\u00edlia enlutada.<\/strong><\/p>\n<p><strong>Ainda n\u00e3o h\u00e1 informa\u00e7\u00f5es sobre o funeral.<\/strong><\/p>\n<p><strong>Davi Ferraz &#8211; Editor<\/strong><\/p>\n","protected":false},"excerpt":{"rendered":"<p>Faleceu, na manh\u00e3 desta quinta-feira (4), o comerciante Valqu\u00edrio Oliveira, irm\u00e3o do empres\u00e1rio Napinho do Superkitty e Valmom Oliveira (in memoria). De acordo com informa\u00e7\u00f5es de familiares, Valquirio sofreu um infarto, foi socorrido, mas n\u00e3o resistiu. Propriet\u00e1rio de um mercadinho no bairro Primavera, Valquirio deixa 4 filhos e uma neta. O Sudoeste Hoje lamenta a [&hellip;]<\/p>\n","protected":false},"author":2,"featured_media":116197,"comment_status":"closed","ping_status":"open","sticky":false,"template":"","format":"standard","meta":{"footnotes":"","_links_to":"","_links_to_target":""},"categories":[1],"tags":[],"class_list":["post-116196","post","type-post","status-publish","format-standard","has-post-thumbnail","hentry","category-geral"],"views":2360,"_links":{"self":[{"href":"https:\/\/www.sudoestehoje.com.br\/novoportal\/wp-json\/wp\/v2\/posts\/116196","targetHints":{"allow":["GET"]}}],"collection":[{"href":"https:\/\/www.sudoestehoje.com.br\/novoportal\/wp-json\/wp\/v2\/posts"}],"about":[{"href":"https:\/\/www.sudoestehoje.com.br\/novoportal\/wp-json\/wp\/v2\/types\/post"}],"author":[{"embeddable":true,"href":"https:\/\/www.sudoestehoje.com.br\/novoportal\/wp-json\/wp\/v2\/users\/2"}],"replies":[{"embeddable":true,"href":"https:\/\/www.sudoestehoje.com.br\/novoportal\/wp-json\/wp\/v2\/comments?post=116196"}],"version-history":[{"count":2,"href":"https:\/\/www.sudoestehoje.com.br\/novoportal\/wp-json\/wp\/v2\/posts\/116196\/revisions"}],"predecessor-version":[{"id":116199,"href":"https:\/\/www.sudoestehoje.com.br\/novoportal\/wp-json\/wp\/v2\/posts\/116196\/revisions\/116199"}],"wp:featuredmedia":[{"embeddable":true,"href":"https:\/\/www.sudoestehoje.com.br\/novoportal\/wp-json\/wp\/v2\/media\/116197"}],"wp:attachment":[{"href":"https:\/\/www.sudoestehoje.com.br\/novoportal\/wp-json\/wp\/v2\/media?parent=116196"}],"wp:term":[{"taxonomy":"category","embeddable":true,"href":"https:\/\/www.sudoestehoje.com.br\/novoportal\/wp-json\/wp\/v2\/categories?post=116196"},{"taxonomy":"post_tag","embeddable":true,"href":"https:\/\/www.sudoestehoje.com.br\/novoportal\/wp-json\/wp\/v2\/tags?post=116196"}],"curies":[{"name":"wp","href":"https:\/\/api.w.org\/{rel}","templated":true}]}}