
{"id":116147,"date":"2024-04-02T19:44:25","date_gmt":"2024-04-02T22:44:25","guid":{"rendered":"https:\/\/www.sudoestehoje.com.br\/novoportal\/?p=116147"},"modified":"2024-04-02T19:44:25","modified_gmt":"2024-04-02T22:44:25","slug":"bn-seculos-ze-ronaldo-lidera-em-feira-de-santana-e-disputa-deve-ir-ao-2o-turno","status":"publish","type":"post","link":"https:\/\/www.sudoestehoje.com.br\/novoportal\/2024\/04\/02\/bn-seculos-ze-ronaldo-lidera-em-feira-de-santana-e-disputa-deve-ir-ao-2o-turno\/","title":{"rendered":"BN\/S\u00c9CULOS | Z\u00c9 RONALDO LIDERA EM FEIRA DE SANTANA E DISPUTA DEVE IR AO 2\u00ba TURNO"},"content":{"rendered":"<p><img loading=\"lazy\" decoding=\"async\" class=\"alignnone  wp-image-116150\" src=\"https:\/\/www.sudoestehoje.com.br\/novoportal\/wp-content\/uploads\/2024\/04\/1A63FA3E_71AF_457F_A413_E4CA7FDE9AF8_1-600x342.webp\" alt=\"\" width=\"551\" height=\"314\" srcset=\"https:\/\/www.sudoestehoje.com.br\/novoportal\/wp-content\/uploads\/2024\/04\/1A63FA3E_71AF_457F_A413_E4CA7FDE9AF8_1-600x342.webp 600w, https:\/\/www.sudoestehoje.com.br\/novoportal\/wp-content\/uploads\/2024\/04\/1A63FA3E_71AF_457F_A413_E4CA7FDE9AF8_1-700x399.webp 700w, https:\/\/www.sudoestehoje.com.br\/novoportal\/wp-content\/uploads\/2024\/04\/1A63FA3E_71AF_457F_A413_E4CA7FDE9AF8_1-768x437.webp 768w, https:\/\/www.sudoestehoje.com.br\/novoportal\/wp-content\/uploads\/2024\/04\/1A63FA3E_71AF_457F_A413_E4CA7FDE9AF8_1.webp 908w\" sizes=\"auto, (max-width: 551px) 100vw, 551px\" \/><\/p>\n<p style=\"font-weight: 400;\"><strong>A disputa pelo cargo \u00e0 prefeitura no segundo maior col\u00e9gio eleitoral da Bahia, o munic\u00edpio de Feira de Santana, ser\u00e1 protagonizada pelo ex-prefeito de Feira de Santana por quatro mandatos, Jos\u00e9 Ronaldo (Uni\u00e3o), e o deputado federal, Z\u00e9 Neto (PT). \u00c9 o que aponta o levantamento contratado pelo Bahia Not\u00edcias junto a empresa S\u00e9culus An\u00e1lise e Pesquisa.\u00a0<\/strong><\/p>\n<p><a href=\"https:\/\/www.bahianoticias.com.br\/municipios\/noticia\/38764-bnseculus-jose-ronaldo-lidera-em-feira-mas-cidade-pode-ter-segundo-turno-com-ze-neto-entenda\"><strong>CONFIRA PESQUISA COMPLETA NO BN<\/strong><\/a><\/p>\n","protected":false},"excerpt":{"rendered":"<p>A disputa pelo cargo \u00e0 prefeitura no segundo maior col\u00e9gio eleitoral da Bahia, o munic\u00edpio de Feira de Santana, ser\u00e1 protagonizada pelo ex-prefeito de Feira de Santana por quatro mandatos, Jos\u00e9 Ronaldo (Uni\u00e3o), e o deputado federal, Z\u00e9 Neto (PT). \u00c9 o que aponta o levantamento contratado pelo Bahia Not\u00edcias junto a empresa S\u00e9culus An\u00e1lise [&hellip;]<\/p>\n","protected":false},"author":2,"featured_media":116150,"comment_status":"closed","ping_status":"open","sticky":false,"template":"","format":"standard","meta":{"footnotes":"","_links_to":"","_links_to_target":""},"categories":[1],"tags":[],"class_list":["post-116147","post","type-post","status-publish","format-standard","has-post-thumbnail","hentry","category-geral"],"views":587,"_links":{"self":[{"href":"https:\/\/www.sudoestehoje.com.br\/novoportal\/wp-json\/wp\/v2\/posts\/116147","targetHints":{"allow":["GET"]}}],"collection":[{"href":"https:\/\/www.sudoestehoje.com.br\/novoportal\/wp-json\/wp\/v2\/posts"}],"about":[{"href":"https:\/\/www.sudoestehoje.com.br\/novoportal\/wp-json\/wp\/v2\/types\/post"}],"author":[{"embeddable":true,"href":"https:\/\/www.sudoestehoje.com.br\/novoportal\/wp-json\/wp\/v2\/users\/2"}],"replies":[{"embeddable":true,"href":"https:\/\/www.sudoestehoje.com.br\/novoportal\/wp-json\/wp\/v2\/comments?post=116147"}],"version-history":[{"count":5,"href":"https:\/\/www.sudoestehoje.com.br\/novoportal\/wp-json\/wp\/v2\/posts\/116147\/revisions"}],"predecessor-version":[{"id":116153,"href":"https:\/\/www.sudoestehoje.com.br\/novoportal\/wp-json\/wp\/v2\/posts\/116147\/revisions\/116153"}],"wp:featuredmedia":[{"embeddable":true,"href":"https:\/\/www.sudoestehoje.com.br\/novoportal\/wp-json\/wp\/v2\/media\/116150"}],"wp:attachment":[{"href":"https:\/\/www.sudoestehoje.com.br\/novoportal\/wp-json\/wp\/v2\/media?parent=116147"}],"wp:term":[{"taxonomy":"category","embeddable":true,"href":"https:\/\/www.sudoestehoje.com.br\/novoportal\/wp-json\/wp\/v2\/categories?post=116147"},{"taxonomy":"post_tag","embeddable":true,"href":"https:\/\/www.sudoestehoje.com.br\/novoportal\/wp-json\/wp\/v2\/tags?post=116147"}],"curies":[{"name":"wp","href":"https:\/\/api.w.org\/{rel}","templated":true}]}}