
{"id":116143,"date":"2024-04-02T19:18:19","date_gmt":"2024-04-02T22:18:19","guid":{"rendered":"https:\/\/www.sudoestehoje.com.br\/novoportal\/?p=116143"},"modified":"2024-04-02T19:18:19","modified_gmt":"2024-04-02T22:18:19","slug":"camacari-supera-marca-de-200-mil-eleitores-e-pode-ter-eleicoes-em-2-turnos","status":"publish","type":"post","link":"https:\/\/www.sudoestehoje.com.br\/novoportal\/2024\/04\/02\/camacari-supera-marca-de-200-mil-eleitores-e-pode-ter-eleicoes-em-2-turnos\/","title":{"rendered":"CAMA\u00c7ARI SUPERA MARCA DE 200 MIL ELEITORES E PODE TER ELEI\u00c7\u00d5ES EM 2 TURNOS"},"content":{"rendered":"<p><img loading=\"lazy\" decoding=\"async\" class=\"alignnone  wp-image-116145\" src=\"https:\/\/www.sudoestehoje.com.br\/novoportal\/wp-content\/uploads\/2024\/04\/CAMACARI-600x373.jpg\" alt=\"\" width=\"550\" height=\"342\" srcset=\"https:\/\/www.sudoestehoje.com.br\/novoportal\/wp-content\/uploads\/2024\/04\/CAMACARI-600x373.jpg 600w, https:\/\/www.sudoestehoje.com.br\/novoportal\/wp-content\/uploads\/2024\/04\/CAMACARI-700x435.jpg 700w, https:\/\/www.sudoestehoje.com.br\/novoportal\/wp-content\/uploads\/2024\/04\/CAMACARI-768x478.jpg 768w, https:\/\/www.sudoestehoje.com.br\/novoportal\/wp-content\/uploads\/2024\/04\/CAMACARI.jpg 1000w\" sizes=\"auto, (max-width: 550px) 100vw, 550px\" \/><\/p>\n<p><strong>Quarta cidade em popula\u00e7\u00e3o no estado,\u00a0<a href=\"https:\/\/www.bahianoticias.com.br\/tags\/cama%C3%A7ari\" target=\"_blank\" rel=\"noopener\">Cama\u00e7ari<\/a>, na Regi\u00e3o Metropolitana de Salvador (RMS), pode ter segundo turno. A situa\u00e7\u00e3o ocorre devido ao munic\u00edpio alcan\u00e7ar a marca de 200 mil eleitores aptos no m\u00eas de mar\u00e7o passado. A informa\u00e7\u00e3o \u00e9 do Tribunal Superior Eleitoral (TSE) que apontou a exist\u00eancia de 201,2 mil votantes.<\/strong><\/p>\n<p><strong>Prevista na Constitui\u00e7\u00e3o de 1988, a possibilidade de segundo turno ocorre nas cidades com mais de 200 mil eleitores. O procedimento vale para elei\u00e7\u00f5es majorit\u00e1rias, no caso prefeitos, como tamb\u00e9m para governadores e presidentes.<\/strong><\/p>\n<p><strong>No raio-X da elei\u00e7\u00e3o cama\u00e7ariense, 54% s\u00e3o de eleitoras e 46% de eleitores, em um recorte de g\u00eanero. As faixa et\u00e1rias mais presentes s\u00e3o a que vai de 45 a 59 anos [51,9 mil eleitores], seguida da de 35 a 44 anos [50,8 mil] e da de 25 a 34 anos [41,2 mil]. No \u00faltimo Censo do IBGE [2022], o munic\u00edpio chegou a 300,3 mil habitantes.<\/strong><\/p>\n","protected":false},"excerpt":{"rendered":"<p>Quarta cidade em popula\u00e7\u00e3o no estado,\u00a0Cama\u00e7ari, na Regi\u00e3o Metropolitana de Salvador (RMS), pode ter segundo turno. A situa\u00e7\u00e3o ocorre devido ao munic\u00edpio alcan\u00e7ar a marca de 200 mil eleitores aptos no m\u00eas de mar\u00e7o passado. A informa\u00e7\u00e3o \u00e9 do Tribunal Superior Eleitoral (TSE) que apontou a exist\u00eancia de 201,2 mil votantes. Prevista na Constitui\u00e7\u00e3o de [&hellip;]<\/p>\n","protected":false},"author":2,"featured_media":116145,"comment_status":"closed","ping_status":"open","sticky":false,"template":"","format":"standard","meta":{"footnotes":"","_links_to":"","_links_to_target":""},"categories":[1],"tags":[],"class_list":["post-116143","post","type-post","status-publish","format-standard","has-post-thumbnail","hentry","category-geral"],"views":939,"_links":{"self":[{"href":"https:\/\/www.sudoestehoje.com.br\/novoportal\/wp-json\/wp\/v2\/posts\/116143","targetHints":{"allow":["GET"]}}],"collection":[{"href":"https:\/\/www.sudoestehoje.com.br\/novoportal\/wp-json\/wp\/v2\/posts"}],"about":[{"href":"https:\/\/www.sudoestehoje.com.br\/novoportal\/wp-json\/wp\/v2\/types\/post"}],"author":[{"embeddable":true,"href":"https:\/\/www.sudoestehoje.com.br\/novoportal\/wp-json\/wp\/v2\/users\/2"}],"replies":[{"embeddable":true,"href":"https:\/\/www.sudoestehoje.com.br\/novoportal\/wp-json\/wp\/v2\/comments?post=116143"}],"version-history":[{"count":2,"href":"https:\/\/www.sudoestehoje.com.br\/novoportal\/wp-json\/wp\/v2\/posts\/116143\/revisions"}],"predecessor-version":[{"id":116146,"href":"https:\/\/www.sudoestehoje.com.br\/novoportal\/wp-json\/wp\/v2\/posts\/116143\/revisions\/116146"}],"wp:featuredmedia":[{"embeddable":true,"href":"https:\/\/www.sudoestehoje.com.br\/novoportal\/wp-json\/wp\/v2\/media\/116145"}],"wp:attachment":[{"href":"https:\/\/www.sudoestehoje.com.br\/novoportal\/wp-json\/wp\/v2\/media?parent=116143"}],"wp:term":[{"taxonomy":"category","embeddable":true,"href":"https:\/\/www.sudoestehoje.com.br\/novoportal\/wp-json\/wp\/v2\/categories?post=116143"},{"taxonomy":"post_tag","embeddable":true,"href":"https:\/\/www.sudoestehoje.com.br\/novoportal\/wp-json\/wp\/v2\/tags?post=116143"}],"curies":[{"name":"wp","href":"https:\/\/api.w.org\/{rel}","templated":true}]}}