
{"id":116139,"date":"2024-04-02T19:09:30","date_gmt":"2024-04-02T22:09:30","guid":{"rendered":"https:\/\/www.sudoestehoje.com.br\/novoportal\/?p=116139"},"modified":"2024-04-02T19:56:13","modified_gmt":"2024-04-02T22:56:13","slug":"voos-de-salvador-para-conquista-e-mais-5-cidades-voltam-a-ser-suspensos","status":"publish","type":"post","link":"https:\/\/www.sudoestehoje.com.br\/novoportal\/2024\/04\/02\/voos-de-salvador-para-conquista-e-mais-5-cidades-voltam-a-ser-suspensos\/","title":{"rendered":"VOOS DE SALVADOR PARA CONQUISTA E MAIS 4 CIDADES VOLTAM A SER SUSPENSOS"},"content":{"rendered":"<p><img loading=\"lazy\" decoding=\"async\" class=\"alignnone wp-image-116141\" src=\"https:\/\/www.sudoestehoje.com.br\/novoportal\/wp-content\/uploads\/2024\/04\/IMAGEM_NOTICIA_9-600x315.webp\" alt=\"\" width=\"550\" height=\"289\" srcset=\"https:\/\/www.sudoestehoje.com.br\/novoportal\/wp-content\/uploads\/2024\/04\/IMAGEM_NOTICIA_9-600x315.webp 600w, https:\/\/www.sudoestehoje.com.br\/novoportal\/wp-content\/uploads\/2024\/04\/IMAGEM_NOTICIA_9-700x368.webp 700w, https:\/\/www.sudoestehoje.com.br\/novoportal\/wp-content\/uploads\/2024\/04\/IMAGEM_NOTICIA_9-768x403.webp 768w, https:\/\/www.sudoestehoje.com.br\/novoportal\/wp-content\/uploads\/2024\/04\/IMAGEM_NOTICIA_9.webp 1200w\" sizes=\"auto, (max-width: 550px) 100vw, 550px\" \/><\/p>\n<p><strong>A Voepass Linhas A\u00e9reas [antiga Passaredo] suspendeu, por tempo indeterminado, as linhas de voos para seis cidades baianas, cinco delas no interior baiano. A medida foi anunciada nesta segunda-feira (1\u00b0).<\/strong><\/p>\n<p><strong>Assim, ficam suspensos voos que partiam de Salvador para Len\u00e7\u00f3is, na Chapada Diamantina; Teixeira de Freitas, no Extremo Sul; Paulo Afonso, no Norte; Barreiras, no Extremo Oeste; e Vit\u00f3ria da Conquista e Guanambi, no Sudoeste.<\/strong><\/p>\n<p><strong>Conforme o G1, a empresa disse, em nota, que a suspens\u00e3o se deve \u00e0 uma reestrutura\u00e7\u00e3o da malha a\u00e9rea. Apenas a rota que liga Barreiras a Bras\u00edlia foi mantida.<\/strong><\/p>\n<p><strong>No\u00a0<a href=\"https:\/\/www.bahianoticias.com.br\/municipios\/noticia\/37472-apos-5-meses-de-operacao-rota-feira-salvador-e-encerrada\" target=\"_blank\" rel=\"noopener\">final do ano passado<\/a>, a Voeppass encerrou a linha Salvador-Feira de Santana, alegando tamb\u00e9m mudan\u00e7as na malha. A medida ocorreu apenas quatro meses do in\u00edcio da opera\u00e7\u00e3o.<\/strong><\/p>\n","protected":false},"excerpt":{"rendered":"<p>A Voepass Linhas A\u00e9reas [antiga Passaredo] suspendeu, por tempo indeterminado, as linhas de voos para seis cidades baianas, cinco delas no interior baiano. A medida foi anunciada nesta segunda-feira (1\u00b0). Assim, ficam suspensos voos que partiam de Salvador para Len\u00e7\u00f3is, na Chapada Diamantina; Teixeira de Freitas, no Extremo Sul; Paulo Afonso, no Norte; Barreiras, no [&hellip;]<\/p>\n","protected":false},"author":2,"featured_media":116141,"comment_status":"closed","ping_status":"open","sticky":false,"template":"","format":"standard","meta":{"footnotes":"","_links_to":"","_links_to_target":""},"categories":[1],"tags":[],"class_list":["post-116139","post","type-post","status-publish","format-standard","has-post-thumbnail","hentry","category-geral"],"views":1322,"_links":{"self":[{"href":"https:\/\/www.sudoestehoje.com.br\/novoportal\/wp-json\/wp\/v2\/posts\/116139","targetHints":{"allow":["GET"]}}],"collection":[{"href":"https:\/\/www.sudoestehoje.com.br\/novoportal\/wp-json\/wp\/v2\/posts"}],"about":[{"href":"https:\/\/www.sudoestehoje.com.br\/novoportal\/wp-json\/wp\/v2\/types\/post"}],"author":[{"embeddable":true,"href":"https:\/\/www.sudoestehoje.com.br\/novoportal\/wp-json\/wp\/v2\/users\/2"}],"replies":[{"embeddable":true,"href":"https:\/\/www.sudoestehoje.com.br\/novoportal\/wp-json\/wp\/v2\/comments?post=116139"}],"version-history":[{"count":3,"href":"https:\/\/www.sudoestehoje.com.br\/novoportal\/wp-json\/wp\/v2\/posts\/116139\/revisions"}],"predecessor-version":[{"id":116154,"href":"https:\/\/www.sudoestehoje.com.br\/novoportal\/wp-json\/wp\/v2\/posts\/116139\/revisions\/116154"}],"wp:featuredmedia":[{"embeddable":true,"href":"https:\/\/www.sudoestehoje.com.br\/novoportal\/wp-json\/wp\/v2\/media\/116141"}],"wp:attachment":[{"href":"https:\/\/www.sudoestehoje.com.br\/novoportal\/wp-json\/wp\/v2\/media?parent=116139"}],"wp:term":[{"taxonomy":"category","embeddable":true,"href":"https:\/\/www.sudoestehoje.com.br\/novoportal\/wp-json\/wp\/v2\/categories?post=116139"},{"taxonomy":"post_tag","embeddable":true,"href":"https:\/\/www.sudoestehoje.com.br\/novoportal\/wp-json\/wp\/v2\/tags?post=116139"}],"curies":[{"name":"wp","href":"https:\/\/api.w.org\/{rel}","templated":true}]}}