
{"id":116108,"date":"2024-04-01T17:25:31","date_gmt":"2024-04-01T20:25:31","guid":{"rendered":"https:\/\/www.sudoestehoje.com.br\/novoportal\/?p=116108"},"modified":"2024-04-01T17:25:53","modified_gmt":"2024-04-01T20:25:53","slug":"municipio-de-caatiba-comemora-hoje-63-anos-de-emancipacao-politica","status":"publish","type":"post","link":"https:\/\/www.sudoestehoje.com.br\/novoportal\/2024\/04\/01\/municipio-de-caatiba-comemora-hoje-63-anos-de-emancipacao-politica\/","title":{"rendered":"MUNIC\u00cdPIO DE CAATIBA COMEMORA HOJE 63 ANOS DE EMANCIPA\u00c7\u00c3O POL\u00cdTICA"},"content":{"rendered":"<p><img loading=\"lazy\" decoding=\"async\" class=\"alignnone wp-image-116110\" src=\"https:\/\/www.sudoestehoje.com.br\/novoportal\/wp-content\/uploads\/2024\/04\/4656b509-1b94-49f0-bcc6-00e2997133a4-600x680.jpg\" alt=\"\" width=\"550\" height=\"623\" srcset=\"https:\/\/www.sudoestehoje.com.br\/novoportal\/wp-content\/uploads\/2024\/04\/4656b509-1b94-49f0-bcc6-00e2997133a4-600x680.jpg 600w, https:\/\/www.sudoestehoje.com.br\/novoportal\/wp-content\/uploads\/2024\/04\/4656b509-1b94-49f0-bcc6-00e2997133a4-700x793.jpg 700w, https:\/\/www.sudoestehoje.com.br\/novoportal\/wp-content\/uploads\/2024\/04\/4656b509-1b94-49f0-bcc6-00e2997133a4-768x870.jpg 768w, https:\/\/www.sudoestehoje.com.br\/novoportal\/wp-content\/uploads\/2024\/04\/4656b509-1b94-49f0-bcc6-00e2997133a4.jpg 1080w\" sizes=\"auto, (max-width: 550px) 100vw, 550px\" \/><\/p>\n<p><strong>O Munic\u00edpio de Caatiba, no m\u00e9dio sudoeste da Bahia, est\u00e1 comemorando, nesta segunda-feira (1\u00ba), o seu 63\u00ba anivers\u00e1rio de emancipa\u00e7\u00e3o pol\u00edtica.<\/strong><\/p>\n<p><strong>Com economia voltada para a pecu\u00e1ria, pequena agricultura e minera\u00e7\u00e3o, Caatiba tem prosperado sob a gest\u00e3o da atuante prefeita T\u00e2nia Ribeiro e seu vice Dr. Humberto Antunes.<\/strong><\/p>\n<p><strong>As comemora\u00e7\u00f5es festivas aconteceram no \u00faltimo s\u00e1bado (30), com grandes shows musicais no centro da cidade.<\/strong><\/p>\n<p><strong>PARAB\u00c9NS CAATIBA!<\/strong><\/p>\n","protected":false},"excerpt":{"rendered":"<p>O Munic\u00edpio de Caatiba, no m\u00e9dio sudoeste da Bahia, est\u00e1 comemorando, nesta segunda-feira (1\u00ba), o seu 63\u00ba anivers\u00e1rio de emancipa\u00e7\u00e3o pol\u00edtica. Com economia voltada para a pecu\u00e1ria, pequena agricultura e minera\u00e7\u00e3o, Caatiba tem prosperado sob a gest\u00e3o da atuante prefeita T\u00e2nia Ribeiro e seu vice Dr. Humberto Antunes. As comemora\u00e7\u00f5es festivas aconteceram no \u00faltimo s\u00e1bado [&hellip;]<\/p>\n","protected":false},"author":2,"featured_media":116110,"comment_status":"closed","ping_status":"open","sticky":false,"template":"","format":"standard","meta":{"footnotes":"","_links_to":"","_links_to_target":""},"categories":[1],"tags":[],"class_list":["post-116108","post","type-post","status-publish","format-standard","has-post-thumbnail","hentry","category-geral"],"views":616,"_links":{"self":[{"href":"https:\/\/www.sudoestehoje.com.br\/novoportal\/wp-json\/wp\/v2\/posts\/116108","targetHints":{"allow":["GET"]}}],"collection":[{"href":"https:\/\/www.sudoestehoje.com.br\/novoportal\/wp-json\/wp\/v2\/posts"}],"about":[{"href":"https:\/\/www.sudoestehoje.com.br\/novoportal\/wp-json\/wp\/v2\/types\/post"}],"author":[{"embeddable":true,"href":"https:\/\/www.sudoestehoje.com.br\/novoportal\/wp-json\/wp\/v2\/users\/2"}],"replies":[{"embeddable":true,"href":"https:\/\/www.sudoestehoje.com.br\/novoportal\/wp-json\/wp\/v2\/comments?post=116108"}],"version-history":[{"count":4,"href":"https:\/\/www.sudoestehoje.com.br\/novoportal\/wp-json\/wp\/v2\/posts\/116108\/revisions"}],"predecessor-version":[{"id":116113,"href":"https:\/\/www.sudoestehoje.com.br\/novoportal\/wp-json\/wp\/v2\/posts\/116108\/revisions\/116113"}],"wp:featuredmedia":[{"embeddable":true,"href":"https:\/\/www.sudoestehoje.com.br\/novoportal\/wp-json\/wp\/v2\/media\/116110"}],"wp:attachment":[{"href":"https:\/\/www.sudoestehoje.com.br\/novoportal\/wp-json\/wp\/v2\/media?parent=116108"}],"wp:term":[{"taxonomy":"category","embeddable":true,"href":"https:\/\/www.sudoestehoje.com.br\/novoportal\/wp-json\/wp\/v2\/categories?post=116108"},{"taxonomy":"post_tag","embeddable":true,"href":"https:\/\/www.sudoestehoje.com.br\/novoportal\/wp-json\/wp\/v2\/tags?post=116108"}],"curies":[{"name":"wp","href":"https:\/\/api.w.org\/{rel}","templated":true}]}}