
{"id":116076,"date":"2024-03-30T19:50:18","date_gmt":"2024-03-30T22:50:18","guid":{"rendered":"https:\/\/www.sudoestehoje.com.br\/novoportal\/?p=116076"},"modified":"2024-03-30T19:50:18","modified_gmt":"2024-03-30T22:50:18","slug":"pecuaria-bahia-inicia-ultima-campanha-de-vacinacao-contra-febre-aftosa","status":"publish","type":"post","link":"https:\/\/www.sudoestehoje.com.br\/novoportal\/2024\/03\/30\/pecuaria-bahia-inicia-ultima-campanha-de-vacinacao-contra-febre-aftosa\/","title":{"rendered":"PECU\u00c1RIA | BAHIA INICIA \u00daLTIMA CAMPANHA DE VACINA\u00c7\u00c3O CONTRA FEBRE AFTOSA"},"content":{"rendered":"<div id=\"chunk-5m1na\">\n<div class=\"mc-column content-text active-extra-styles \" data-block-type=\"unstyled\" data-block-weight=\"26\" data-block-id=\"2\">\n<p data-track-category=\"Link no Texto\" data-track-links=\"\" data-mrf-recirculation=\"Article links\"><img loading=\"lazy\" decoding=\"async\" class=\"alignnone  wp-image-116078\" src=\"https:\/\/www.sudoestehoje.com.br\/novoportal\/wp-content\/uploads\/2024\/03\/Bovinos_vacas_bezerro_26-600x338.webp\" alt=\"\" width=\"550\" height=\"310\" srcset=\"https:\/\/www.sudoestehoje.com.br\/novoportal\/wp-content\/uploads\/2024\/03\/Bovinos_vacas_bezerro_26-600x338.webp 600w, https:\/\/www.sudoestehoje.com.br\/novoportal\/wp-content\/uploads\/2024\/03\/Bovinos_vacas_bezerro_26-700x394.webp 700w, https:\/\/www.sudoestehoje.com.br\/novoportal\/wp-content\/uploads\/2024\/03\/Bovinos_vacas_bezerro_26-768x432.webp 768w, https:\/\/www.sudoestehoje.com.br\/novoportal\/wp-content\/uploads\/2024\/03\/Bovinos_vacas_bezerro_26.webp 1024w\" sizes=\"auto, (max-width: 550px) 100vw, 550px\" \/><\/p>\n<p class=\" content-text__container \" data-track-category=\"Link no Texto\" data-track-links=\"\" data-mrf-recirculation=\"Article links\"><strong>A \u00faltima campanha de vacina\u00e7\u00e3o contra a febre aftosa na Bahia foi antecipada: a imuniza\u00e7\u00e3o do gado ser\u00e1 da pr\u00f3xima segunda-feira (1\u00ba) at\u00e9 30 de abril.<\/strong><\/p>\n<\/div>\n<\/div>\n<div class=\"wall protected-content\">\n<div id=\"chunk-a0q52\">\n<div class=\"mc-column content-text active-extra-styles \" data-block-type=\"unstyled\" data-block-weight=\"36\" data-block-id=\"5\">\n<p class=\" content-text__container \" data-track-category=\"Link no Texto\" data-track-links=\"\" data-mrf-recirculation=\"Article links\"><strong>O per\u00edodo \u00e9 considerado um marco hist\u00f3rico na defesa agropecu\u00e1ria do estado, al\u00e9m de finalizar 146 ciclos de imuniza\u00e7\u00e3o dos rebanhos bovino e bubalino, estimados em\u00a0aproximadamente 13 milh\u00f5es de cabe\u00e7as em todo o territ\u00f3rio baiano.<\/strong><\/p>\n<\/div>\n<\/div>\n<div id=\"chunk-7b0or\">\n<div class=\"mc-column content-text active-extra-styles \" data-block-type=\"unstyled\" data-block-weight=\"37\" data-block-id=\"6\">\n<p class=\" content-text__container \" data-track-category=\"Link no Texto\" data-track-links=\"\" data-mrf-recirculation=\"Article links\"><strong>Desde 1968, os produtores locais vacinam seus rebanhos e, nos \u00faltimos 20 anos, a Bahia registrou \u00edndices vacinais acima dos 90% exigidos pelo Minist\u00e9rio da Agricultura e Pecu\u00e1ria (Mapa). O estado \u00e9 o s\u00e9timo no ranking nacional.<\/strong><\/p>\n<div id=\"chunk-7kk6n\">\n<div class=\"mc-column content-text active-extra-styles \" data-block-type=\"unstyled\" data-block-weight=\"52\" data-block-id=\"8\">\n<p class=\" content-text__container \" data-track-category=\"Link no Texto\" data-track-links=\"\" data-mrf-recirculation=\"Article links\"><strong>Nesta \u00faltima etapa, a\u00a0Ag\u00eancia de Defesa Agropecu\u00e1ria da Bahia (Adab) espera vacinar 100% dos rebanhos. Com isso, os produtores ter\u00e3o at\u00e9 17 de maio para declarar a vacina\u00e7\u00e3o e informar a geolocaliza\u00e7\u00e3o das propriedades pelo site ou em um dos 376 escrit\u00f3rios da Adab nos 27 Territ\u00f3rios de Identidade do estado.<\/strong><\/p>\n<\/div>\n<\/div>\n<div id=\"chunk-6eg3o\">\n<div class=\"mc-column content-text active-extra-styles \" data-block-type=\"unstyled\" data-block-weight=\"30\" data-block-id=\"9\">\n<p class=\" content-text__container \" data-track-category=\"Link no Texto\" data-track-links=\"\" data-mrf-recirculation=\"Article links\"><strong>A ag\u00eancia destaca que o esfor\u00e7o conjunto com o setor produtivo foi o que possibilitou a chancela do Mapa para a suspens\u00e3o da vacina\u00e7\u00e3o a partir de maio deste ano.<\/strong><\/p>\n<\/div>\n<\/div>\n<\/div>\n<\/div>\n<\/div>\n","protected":false},"excerpt":{"rendered":"<p>A \u00faltima campanha de vacina\u00e7\u00e3o contra a febre aftosa na Bahia foi antecipada: a imuniza\u00e7\u00e3o do gado ser\u00e1 da pr\u00f3xima segunda-feira (1\u00ba) at\u00e9 30 de abril. O per\u00edodo \u00e9 considerado um marco hist\u00f3rico na defesa agropecu\u00e1ria do estado, al\u00e9m de finalizar 146 ciclos de imuniza\u00e7\u00e3o dos rebanhos bovino e bubalino, estimados em\u00a0aproximadamente 13 milh\u00f5es de [&hellip;]<\/p>\n","protected":false},"author":2,"featured_media":116078,"comment_status":"closed","ping_status":"open","sticky":false,"template":"","format":"standard","meta":{"footnotes":"","_links_to":"","_links_to_target":""},"categories":[1],"tags":[],"class_list":["post-116076","post","type-post","status-publish","format-standard","has-post-thumbnail","hentry","category-geral"],"views":569,"_links":{"self":[{"href":"https:\/\/www.sudoestehoje.com.br\/novoportal\/wp-json\/wp\/v2\/posts\/116076","targetHints":{"allow":["GET"]}}],"collection":[{"href":"https:\/\/www.sudoestehoje.com.br\/novoportal\/wp-json\/wp\/v2\/posts"}],"about":[{"href":"https:\/\/www.sudoestehoje.com.br\/novoportal\/wp-json\/wp\/v2\/types\/post"}],"author":[{"embeddable":true,"href":"https:\/\/www.sudoestehoje.com.br\/novoportal\/wp-json\/wp\/v2\/users\/2"}],"replies":[{"embeddable":true,"href":"https:\/\/www.sudoestehoje.com.br\/novoportal\/wp-json\/wp\/v2\/comments?post=116076"}],"version-history":[{"count":3,"href":"https:\/\/www.sudoestehoje.com.br\/novoportal\/wp-json\/wp\/v2\/posts\/116076\/revisions"}],"predecessor-version":[{"id":116080,"href":"https:\/\/www.sudoestehoje.com.br\/novoportal\/wp-json\/wp\/v2\/posts\/116076\/revisions\/116080"}],"wp:featuredmedia":[{"embeddable":true,"href":"https:\/\/www.sudoestehoje.com.br\/novoportal\/wp-json\/wp\/v2\/media\/116078"}],"wp:attachment":[{"href":"https:\/\/www.sudoestehoje.com.br\/novoportal\/wp-json\/wp\/v2\/media?parent=116076"}],"wp:term":[{"taxonomy":"category","embeddable":true,"href":"https:\/\/www.sudoestehoje.com.br\/novoportal\/wp-json\/wp\/v2\/categories?post=116076"},{"taxonomy":"post_tag","embeddable":true,"href":"https:\/\/www.sudoestehoje.com.br\/novoportal\/wp-json\/wp\/v2\/tags?post=116076"}],"curies":[{"name":"wp","href":"https:\/\/api.w.org\/{rel}","templated":true}]}}