
{"id":116072,"date":"2024-03-30T19:13:28","date_gmt":"2024-03-30T22:13:28","guid":{"rendered":"https:\/\/www.sudoestehoje.com.br\/novoportal\/?p=116072"},"modified":"2024-03-30T19:13:28","modified_gmt":"2024-03-30T22:13:28","slug":"jovem-morre-afogada-em-praia-de-ilheus","status":"publish","type":"post","link":"https:\/\/www.sudoestehoje.com.br\/novoportal\/2024\/03\/30\/jovem-morre-afogada-em-praia-de-ilheus\/","title":{"rendered":"JOVEM MORRE AFOGADA EM PRAIA DE ILH\u00c9US"},"content":{"rendered":"<p><img loading=\"lazy\" decoding=\"async\" class=\"alignnone  wp-image-116073\" src=\"https:\/\/www.sudoestehoje.com.br\/novoportal\/wp-content\/uploads\/2024\/03\/59405d9e-db75-47cc-8b75-6ee0aa19e99a-600x358.jpg\" alt=\"\" width=\"550\" height=\"328\" srcset=\"https:\/\/www.sudoestehoje.com.br\/novoportal\/wp-content\/uploads\/2024\/03\/59405d9e-db75-47cc-8b75-6ee0aa19e99a-600x358.jpg 600w, https:\/\/www.sudoestehoje.com.br\/novoportal\/wp-content\/uploads\/2024\/03\/59405d9e-db75-47cc-8b75-6ee0aa19e99a-700x417.jpg 700w, https:\/\/www.sudoestehoje.com.br\/novoportal\/wp-content\/uploads\/2024\/03\/59405d9e-db75-47cc-8b75-6ee0aa19e99a-768x458.jpg 768w, https:\/\/www.sudoestehoje.com.br\/novoportal\/wp-content\/uploads\/2024\/03\/59405d9e-db75-47cc-8b75-6ee0aa19e99a.jpg 777w\" sizes=\"auto, (max-width: 550px) 100vw, 550px\" \/><\/p>\n<p><strong>Uma adolescente de 16 anos morreu ap\u00f3s se afogar na praia da Concha, em Ilh\u00e9us nesta sexta-feira (29).\u00a0De acordo com informa\u00e7\u00f5es do G1, a v\u00edtima foi identificada como Maria Clara Teles de Jesus. Ela estava no mar com uma amiga, quando as duas come\u00e7aram a se afogar.<\/strong><\/p>\n<p><strong>De acordo com a pol\u00edcia, a situa\u00e7\u00e3o aconteceu por volta de 19h e ambas foram resgatadas por populares. O local, conhecido como Morro de Pernambuco, \u00e9 de dif\u00edcil acesso por causa das pedras.<\/strong><\/p>\n<p><strong>Ainda segundo a publica\u00e7\u00e3o, as duas adolescentes foram atendidas pelo Servi\u00e7o de Atendimento M\u00f3vel de Urg\u00eancia (Samu), mas Maria Clara n\u00e3o resistiu.<\/strong><\/p>\n<p><strong>O corpo da v\u00edtima foi levado para o Departamento de Pol\u00edcia T\u00e9cnica (DPT).<\/strong><\/p>\n","protected":false},"excerpt":{"rendered":"<p>Uma adolescente de 16 anos morreu ap\u00f3s se afogar na praia da Concha, em Ilh\u00e9us nesta sexta-feira (29).\u00a0De acordo com informa\u00e7\u00f5es do G1, a v\u00edtima foi identificada como Maria Clara Teles de Jesus. Ela estava no mar com uma amiga, quando as duas come\u00e7aram a se afogar. De acordo com a pol\u00edcia, a situa\u00e7\u00e3o aconteceu [&hellip;]<\/p>\n","protected":false},"author":2,"featured_media":116073,"comment_status":"closed","ping_status":"open","sticky":false,"template":"","format":"standard","meta":{"footnotes":"","_links_to":"","_links_to_target":""},"categories":[1],"tags":[],"class_list":["post-116072","post","type-post","status-publish","format-standard","has-post-thumbnail","hentry","category-geral"],"views":684,"_links":{"self":[{"href":"https:\/\/www.sudoestehoje.com.br\/novoportal\/wp-json\/wp\/v2\/posts\/116072","targetHints":{"allow":["GET"]}}],"collection":[{"href":"https:\/\/www.sudoestehoje.com.br\/novoportal\/wp-json\/wp\/v2\/posts"}],"about":[{"href":"https:\/\/www.sudoestehoje.com.br\/novoportal\/wp-json\/wp\/v2\/types\/post"}],"author":[{"embeddable":true,"href":"https:\/\/www.sudoestehoje.com.br\/novoportal\/wp-json\/wp\/v2\/users\/2"}],"replies":[{"embeddable":true,"href":"https:\/\/www.sudoestehoje.com.br\/novoportal\/wp-json\/wp\/v2\/comments?post=116072"}],"version-history":[{"count":2,"href":"https:\/\/www.sudoestehoje.com.br\/novoportal\/wp-json\/wp\/v2\/posts\/116072\/revisions"}],"predecessor-version":[{"id":116075,"href":"https:\/\/www.sudoestehoje.com.br\/novoportal\/wp-json\/wp\/v2\/posts\/116072\/revisions\/116075"}],"wp:featuredmedia":[{"embeddable":true,"href":"https:\/\/www.sudoestehoje.com.br\/novoportal\/wp-json\/wp\/v2\/media\/116073"}],"wp:attachment":[{"href":"https:\/\/www.sudoestehoje.com.br\/novoportal\/wp-json\/wp\/v2\/media?parent=116072"}],"wp:term":[{"taxonomy":"category","embeddable":true,"href":"https:\/\/www.sudoestehoje.com.br\/novoportal\/wp-json\/wp\/v2\/categories?post=116072"},{"taxonomy":"post_tag","embeddable":true,"href":"https:\/\/www.sudoestehoje.com.br\/novoportal\/wp-json\/wp\/v2\/tags?post=116072"}],"curies":[{"name":"wp","href":"https:\/\/api.w.org\/{rel}","templated":true}]}}