
{"id":116068,"date":"2024-03-30T18:49:53","date_gmt":"2024-03-30T21:49:53","guid":{"rendered":"https:\/\/www.sudoestehoje.com.br\/novoportal\/?p=116068"},"modified":"2024-03-30T18:49:53","modified_gmt":"2024-03-30T21:49:53","slug":"estado-prorroga-validade-do-concurso-publico-para-professor-e-coordenador-pedagogico","status":"publish","type":"post","link":"https:\/\/www.sudoestehoje.com.br\/novoportal\/2024\/03\/30\/estado-prorroga-validade-do-concurso-publico-para-professor-e-coordenador-pedagogico\/","title":{"rendered":"ESTADO PRORROGA VALIDADE DO CONCURSO P\u00daBLICO PARA PROFESSOR E COORDENADOR PEDAG\u00d3GICO"},"content":{"rendered":"<p><img loading=\"lazy\" decoding=\"async\" class=\"alignnone  wp-image-116070\" src=\"https:\/\/www.sudoestehoje.com.br\/novoportal\/wp-content\/uploads\/2024\/03\/Governo-da-Bahia-nomeia-54-professores-de-ingles-a0030633100202310061111-600x360.jpg\" alt=\"\" width=\"550\" height=\"330\" srcset=\"https:\/\/www.sudoestehoje.com.br\/novoportal\/wp-content\/uploads\/2024\/03\/Governo-da-Bahia-nomeia-54-professores-de-ingles-a0030633100202310061111-600x360.jpg 600w, https:\/\/www.sudoestehoje.com.br\/novoportal\/wp-content\/uploads\/2024\/03\/Governo-da-Bahia-nomeia-54-professores-de-ingles-a0030633100202310061111-700x420.jpg 700w, https:\/\/www.sudoestehoje.com.br\/novoportal\/wp-content\/uploads\/2024\/03\/Governo-da-Bahia-nomeia-54-professores-de-ingles-a0030633100202310061111-768x461.jpg 768w, https:\/\/www.sudoestehoje.com.br\/novoportal\/wp-content\/uploads\/2024\/03\/Governo-da-Bahia-nomeia-54-professores-de-ingles-a0030633100202310061111.jpg 1200w\" sizes=\"auto, (max-width: 550px) 100vw, 550px\" \/><\/p>\n<p><strong>O Governo da Bahia prorrogou, por mais um ano, a validade do concurso p\u00fablico para provimento de vagas para os cargos de Professor Padr\u00e3o P \u2013 Grau III e de Coordenador Pedag\u00f3gico Padr\u00e3o P \u2013 Grau III, da carreira do Magist\u00e9rio P\u00fablico dos ensinos Fundamental e M\u00e9dio.<\/strong><\/p>\n<p><strong>O concurso foi homologado, no Di\u00e1rio Oficial do Estado (DOE), de 29 de abril de 2023, atrav\u00e9s da Portaria Saeb\/SEC n\u00b0 007, de 28 de abril de 2023, estando, assim, pr\u00f3xima ao final da validade inicial. <\/strong><\/p>\n<p><strong>A medida foi publicada na edi\u00e7\u00e3o desta sexta-feira (29) do DOE.\u00a0Embora tenham sido ofertadas 2.113 vagas no certame, o Governo do Estado j\u00e1 convocou 2.326 educadores.<\/strong><\/p>\n","protected":false},"excerpt":{"rendered":"<p>O Governo da Bahia prorrogou, por mais um ano, a validade do concurso p\u00fablico para provimento de vagas para os cargos de Professor Padr\u00e3o P \u2013 Grau III e de Coordenador Pedag\u00f3gico Padr\u00e3o P \u2013 Grau III, da carreira do Magist\u00e9rio P\u00fablico dos ensinos Fundamental e M\u00e9dio. O concurso foi homologado, no Di\u00e1rio Oficial do [&hellip;]<\/p>\n","protected":false},"author":2,"featured_media":116070,"comment_status":"closed","ping_status":"open","sticky":false,"template":"","format":"standard","meta":{"footnotes":"","_links_to":"","_links_to_target":""},"categories":[1],"tags":[],"class_list":["post-116068","post","type-post","status-publish","format-standard","has-post-thumbnail","hentry","category-geral"],"views":214,"_links":{"self":[{"href":"https:\/\/www.sudoestehoje.com.br\/novoportal\/wp-json\/wp\/v2\/posts\/116068","targetHints":{"allow":["GET"]}}],"collection":[{"href":"https:\/\/www.sudoestehoje.com.br\/novoportal\/wp-json\/wp\/v2\/posts"}],"about":[{"href":"https:\/\/www.sudoestehoje.com.br\/novoportal\/wp-json\/wp\/v2\/types\/post"}],"author":[{"embeddable":true,"href":"https:\/\/www.sudoestehoje.com.br\/novoportal\/wp-json\/wp\/v2\/users\/2"}],"replies":[{"embeddable":true,"href":"https:\/\/www.sudoestehoje.com.br\/novoportal\/wp-json\/wp\/v2\/comments?post=116068"}],"version-history":[{"count":2,"href":"https:\/\/www.sudoestehoje.com.br\/novoportal\/wp-json\/wp\/v2\/posts\/116068\/revisions"}],"predecessor-version":[{"id":116071,"href":"https:\/\/www.sudoestehoje.com.br\/novoportal\/wp-json\/wp\/v2\/posts\/116068\/revisions\/116071"}],"wp:featuredmedia":[{"embeddable":true,"href":"https:\/\/www.sudoestehoje.com.br\/novoportal\/wp-json\/wp\/v2\/media\/116070"}],"wp:attachment":[{"href":"https:\/\/www.sudoestehoje.com.br\/novoportal\/wp-json\/wp\/v2\/media?parent=116068"}],"wp:term":[{"taxonomy":"category","embeddable":true,"href":"https:\/\/www.sudoestehoje.com.br\/novoportal\/wp-json\/wp\/v2\/categories?post=116068"},{"taxonomy":"post_tag","embeddable":true,"href":"https:\/\/www.sudoestehoje.com.br\/novoportal\/wp-json\/wp\/v2\/tags?post=116068"}],"curies":[{"name":"wp","href":"https:\/\/api.w.org\/{rel}","templated":true}]}}