
{"id":116060,"date":"2024-03-28T21:29:28","date_gmt":"2024-03-29T00:29:28","guid":{"rendered":"https:\/\/www.sudoestehoje.com.br\/novoportal\/?p=116060"},"modified":"2024-03-28T21:57:06","modified_gmt":"2024-03-29T00:57:06","slug":"itapetinga-secretarios-luciano-manu-brandao-e-neto-ferraz-pedem-exoneracao-para-ressumir-mandato-na-camara","status":"publish","type":"post","link":"https:\/\/www.sudoestehoje.com.br\/novoportal\/2024\/03\/28\/itapetinga-secretarios-luciano-manu-brandao-e-neto-ferraz-pedem-exoneracao-para-ressumir-mandato-na-camara\/","title":{"rendered":"ITAPETINGA | SECRET\u00c1RIOS LUCIANO, MANU BRAND\u00c3O E NETO FERRAZ PEDEM EXONERA\u00c7\u00c3O PARA RESSUMIR MANDATO NA C\u00c2MARA"},"content":{"rendered":"<p><img loading=\"lazy\" decoding=\"async\" class=\"alignnone wp-image-116063\" src=\"https:\/\/www.sudoestehoje.com.br\/novoportal\/wp-content\/uploads\/2024\/03\/WhatsApp-Image-2023-06-13-at-09.12.39-600x353.jpeg\" alt=\"\" width=\"551\" height=\"324\" srcset=\"https:\/\/www.sudoestehoje.com.br\/novoportal\/wp-content\/uploads\/2024\/03\/WhatsApp-Image-2023-06-13-at-09.12.39-600x353.jpeg 600w, https:\/\/www.sudoestehoje.com.br\/novoportal\/wp-content\/uploads\/2024\/03\/WhatsApp-Image-2023-06-13-at-09.12.39-700x412.jpeg 700w, https:\/\/www.sudoestehoje.com.br\/novoportal\/wp-content\/uploads\/2024\/03\/WhatsApp-Image-2023-06-13-at-09.12.39-768x452.jpeg 768w, https:\/\/www.sudoestehoje.com.br\/novoportal\/wp-content\/uploads\/2024\/03\/WhatsApp-Image-2023-06-13-at-09.12.39.jpeg 1004w\" sizes=\"auto, (max-width: 551px) 100vw, 551px\" \/><\/p>\n<p><strong>Nesta quinta-feira (28), os secret\u00e1rios municipais Luciano Almeida, da Educa\u00e7\u00e3o, Manu Brand\u00e3o, do Desenvolvimento Social e Neto Ferraz, da Comutran, protocolaram no gabinete do prefeito Rodrigo Hagge seus pedidos de exonera\u00e7\u00e3o dos cargos de confian\u00e7a que vinham ocupando na prefeitura, devendo reassumir seus mandatos de vereador a partir da pr\u00f3xima segunda-feira (1\u00ba).\u00a0<\/strong><\/p>\n<p><strong>Com o desligamento dos cargos no prazo previsto da legisla\u00e7\u00e3o eleitoral, os vereadores ficam aptos a concorrer \u00e0 reelei\u00e7\u00e3o, em outubro pr\u00f3ximo.<\/strong><\/p>\n<p><img loading=\"lazy\" decoding=\"async\" class=\"alignnone wp-image-116065\" src=\"https:\/\/www.sudoestehoje.com.br\/novoportal\/wp-content\/uploads\/2024\/03\/FB_IMG_1645455175522-600x390-1.jpg\" alt=\"\" width=\"550\" height=\"371\" \/><\/p>\n<p><strong>Para a Educa\u00e7\u00e3o, o prefeito Rodrigo Hagge anunciou o professor Geraldo Trindade, que retorna ao cargo ap\u00f3s desligamento desde 2022.<\/strong><\/p>\n<p><strong>Para o Desenvolvimento Social e Comutran, os novos nomes dever\u00e3o ser anunciados no in\u00edcio da pr\u00f3xima semana.<\/strong><\/p>\n<p><strong>Por Davi Ferraz<\/strong><\/p>\n","protected":false},"excerpt":{"rendered":"<p>Nesta quinta-feira (28), os secret\u00e1rios municipais Luciano Almeida, da Educa\u00e7\u00e3o, Manu Brand\u00e3o, do Desenvolvimento Social e Neto Ferraz, da Comutran, protocolaram no gabinete do prefeito Rodrigo Hagge seus pedidos de exonera\u00e7\u00e3o dos cargos de confian\u00e7a que vinham ocupando na prefeitura, devendo reassumir seus mandatos de vereador a partir da pr\u00f3xima segunda-feira (1\u00ba).\u00a0 Com o desligamento [&hellip;]<\/p>\n","protected":false},"author":2,"featured_media":116063,"comment_status":"closed","ping_status":"open","sticky":false,"template":"","format":"standard","meta":{"footnotes":"","_links_to":"","_links_to_target":""},"categories":[1],"tags":[],"class_list":["post-116060","post","type-post","status-publish","format-standard","has-post-thumbnail","hentry","category-geral"],"views":1861,"_links":{"self":[{"href":"https:\/\/www.sudoestehoje.com.br\/novoportal\/wp-json\/wp\/v2\/posts\/116060","targetHints":{"allow":["GET"]}}],"collection":[{"href":"https:\/\/www.sudoestehoje.com.br\/novoportal\/wp-json\/wp\/v2\/posts"}],"about":[{"href":"https:\/\/www.sudoestehoje.com.br\/novoportal\/wp-json\/wp\/v2\/types\/post"}],"author":[{"embeddable":true,"href":"https:\/\/www.sudoestehoje.com.br\/novoportal\/wp-json\/wp\/v2\/users\/2"}],"replies":[{"embeddable":true,"href":"https:\/\/www.sudoestehoje.com.br\/novoportal\/wp-json\/wp\/v2\/comments?post=116060"}],"version-history":[{"count":5,"href":"https:\/\/www.sudoestehoje.com.br\/novoportal\/wp-json\/wp\/v2\/posts\/116060\/revisions"}],"predecessor-version":[{"id":116067,"href":"https:\/\/www.sudoestehoje.com.br\/novoportal\/wp-json\/wp\/v2\/posts\/116060\/revisions\/116067"}],"wp:featuredmedia":[{"embeddable":true,"href":"https:\/\/www.sudoestehoje.com.br\/novoportal\/wp-json\/wp\/v2\/media\/116063"}],"wp:attachment":[{"href":"https:\/\/www.sudoestehoje.com.br\/novoportal\/wp-json\/wp\/v2\/media?parent=116060"}],"wp:term":[{"taxonomy":"category","embeddable":true,"href":"https:\/\/www.sudoestehoje.com.br\/novoportal\/wp-json\/wp\/v2\/categories?post=116060"},{"taxonomy":"post_tag","embeddable":true,"href":"https:\/\/www.sudoestehoje.com.br\/novoportal\/wp-json\/wp\/v2\/tags?post=116060"}],"curies":[{"name":"wp","href":"https:\/\/api.w.org\/{rel}","templated":true}]}}