
{"id":116043,"date":"2024-03-27T17:26:58","date_gmt":"2024-03-27T20:26:58","guid":{"rendered":"https:\/\/www.sudoestehoje.com.br\/novoportal\/?p=116043"},"modified":"2024-03-27T17:26:58","modified_gmt":"2024-03-27T20:26:58","slug":"coopardo-visita-fazenda-nova-iguacu","status":"publish","type":"post","link":"https:\/\/www.sudoestehoje.com.br\/novoportal\/2024\/03\/27\/coopardo-visita-fazenda-nova-iguacu\/","title":{"rendered":"COOPARDO VISITA FAZENDA NOVA IGUA\u00c7U"},"content":{"rendered":"<p><img loading=\"lazy\" decoding=\"async\" class=\"alignnone  wp-image-116044\" src=\"https:\/\/www.sudoestehoje.com.br\/novoportal\/wp-content\/uploads\/2024\/03\/9eaf3746-12c0-490c-a7a3-e0f243268adf-600x374.jpg\" alt=\"\" width=\"549\" height=\"342\" srcset=\"https:\/\/www.sudoestehoje.com.br\/novoportal\/wp-content\/uploads\/2024\/03\/9eaf3746-12c0-490c-a7a3-e0f243268adf-600x374.jpg 600w, https:\/\/www.sudoestehoje.com.br\/novoportal\/wp-content\/uploads\/2024\/03\/9eaf3746-12c0-490c-a7a3-e0f243268adf-700x436.jpg 700w, https:\/\/www.sudoestehoje.com.br\/novoportal\/wp-content\/uploads\/2024\/03\/9eaf3746-12c0-490c-a7a3-e0f243268adf-768x479.jpg 768w, https:\/\/www.sudoestehoje.com.br\/novoportal\/wp-content\/uploads\/2024\/03\/9eaf3746-12c0-490c-a7a3-e0f243268adf-1536x957.jpg 1536w, https:\/\/www.sudoestehoje.com.br\/novoportal\/wp-content\/uploads\/2024\/03\/9eaf3746-12c0-490c-a7a3-e0f243268adf.jpg 1600w\" sizes=\"auto, (max-width: 549px) 100vw, 549px\" \/><\/p>\n<p><strong>Nesta quarta-feira (27), o diretor presidente da Coopardo, Alex Coelho, visitou a Fazenda Nova Igua\u00e7u, do produtor cooperado Leonardo D\u00f3rea, um dos detentores de gen\u00e9tica de ponta na regi\u00e3o e no estado da Bahia.<\/strong><\/p>\n<p><strong>Em contato com a nossa reda\u00e7\u00e3o, Alex afirmou que a visita faz parte de uma programa\u00e7\u00e3o da Coopardo, para troca de ideias com seus cooperados, visando a participa\u00e7\u00e3o na 52\u00aa Exposi\u00e7\u00e3o Agropecu\u00e1ria de Itapetinga, a ser realizada em meados de maio deste ano.<\/strong><\/p>\n\n\t\t<style type=\"text\/css\">\n\t\t\t#gallery-1 {\n\t\t\t\tmargin: auto;\n\t\t\t}\n\t\t\t#gallery-1 .gallery-item {\n\t\t\t\tfloat: left;\n\t\t\t\tmargin-top: 10px;\n\t\t\t\ttext-align: center;\n\t\t\t\twidth: 33%;\n\t\t\t}\n\t\t\t#gallery-1 img {\n\t\t\t\tborder: 2px solid #cfcfcf;\n\t\t\t}\n\t\t\t#gallery-1 .gallery-caption {\n\t\t\t\tmargin-left: 0;\n\t\t\t}\n\t\t\t\/* see gallery_shortcode() in wp-includes\/media.php *\/\n\t\t<\/style>\n\t\t<div id='gallery-1' class='gallery galleryid-116043 gallery-columns-3 gallery-size-thumbnail'><dl class='gallery-item'>\n\t\t\t<dt class='gallery-icon landscape'>\n\t\t\t\t<a href='https:\/\/www.sudoestehoje.com.br\/novoportal\/2024\/03\/27\/coopardo-visita-fazenda-nova-iguacu\/whatsapp-image-2024-03-27-at-12-39-30-pm-1\/'><img loading=\"lazy\" decoding=\"async\" width=\"150\" height=\"150\" src=\"https:\/\/www.sudoestehoje.com.br\/novoportal\/wp-content\/uploads\/2024\/03\/WhatsApp-Image-2024-03-27-at-12.39.30-PM-1-150x150.jpeg\" class=\"attachment-thumbnail size-thumbnail\" alt=\"\" \/><\/a>\n\t\t\t<\/dt><\/dl><dl class='gallery-item'>\n\t\t\t<dt class='gallery-icon portrait'>\n\t\t\t\t<a href='https:\/\/www.sudoestehoje.com.br\/novoportal\/2024\/03\/27\/coopardo-visita-fazenda-nova-iguacu\/whatsapp-image-2024-03-27-at-12-39-29-pm\/'><img loading=\"lazy\" decoding=\"async\" width=\"150\" height=\"150\" src=\"https:\/\/www.sudoestehoje.com.br\/novoportal\/wp-content\/uploads\/2024\/03\/WhatsApp-Image-2024-03-27-at-12.39.29-PM-150x150.jpeg\" class=\"attachment-thumbnail size-thumbnail\" alt=\"\" \/><\/a>\n\t\t\t<\/dt><\/dl><dl class='gallery-item'>\n\t\t\t<dt class='gallery-icon landscape'>\n\t\t\t\t<a href='https:\/\/www.sudoestehoje.com.br\/novoportal\/2024\/03\/27\/coopardo-visita-fazenda-nova-iguacu\/whatsapp-image-2024-03-27-at-12-39-29-pm-2\/'><img loading=\"lazy\" decoding=\"async\" width=\"150\" height=\"150\" src=\"https:\/\/www.sudoestehoje.com.br\/novoportal\/wp-content\/uploads\/2024\/03\/WhatsApp-Image-2024-03-27-at-12.39.29-PM-2-150x150.jpeg\" class=\"attachment-thumbnail size-thumbnail\" alt=\"\" \/><\/a>\n\t\t\t<\/dt><\/dl><br style=\"clear: both\" \/><dl class='gallery-item'>\n\t\t\t<dt class='gallery-icon landscape'>\n\t\t\t\t<a href='https:\/\/www.sudoestehoje.com.br\/novoportal\/2024\/03\/27\/coopardo-visita-fazenda-nova-iguacu\/whatsapp-image-2024-03-27-at-12-39-29-pm-1\/'><img loading=\"lazy\" decoding=\"async\" width=\"150\" height=\"150\" src=\"https:\/\/www.sudoestehoje.com.br\/novoportal\/wp-content\/uploads\/2024\/03\/WhatsApp-Image-2024-03-27-at-12.39.29-PM-1-150x150.jpeg\" class=\"attachment-thumbnail size-thumbnail\" alt=\"\" \/><\/a>\n\t\t\t<\/dt><\/dl><dl class='gallery-item'>\n\t\t\t<dt class='gallery-icon landscape'>\n\t\t\t\t<a href='https:\/\/www.sudoestehoje.com.br\/novoportal\/2024\/03\/27\/coopardo-visita-fazenda-nova-iguacu\/whatsapp-image-2024-03-27-at-12-39-28-pm\/'><img loading=\"lazy\" decoding=\"async\" width=\"150\" height=\"150\" src=\"https:\/\/www.sudoestehoje.com.br\/novoportal\/wp-content\/uploads\/2024\/03\/WhatsApp-Image-2024-03-27-at-12.39.28-PM-150x150.jpeg\" class=\"attachment-thumbnail size-thumbnail\" alt=\"\" \/><\/a>\n\t\t\t<\/dt><\/dl><dl class='gallery-item'>\n\t\t\t<dt class='gallery-icon landscape'>\n\t\t\t\t<a href='https:\/\/www.sudoestehoje.com.br\/novoportal\/2024\/03\/27\/coopardo-visita-fazenda-nova-iguacu\/whatsapp-image-2024-03-27-at-12-39-30-pm\/'><img loading=\"lazy\" decoding=\"async\" width=\"150\" height=\"150\" src=\"https:\/\/www.sudoestehoje.com.br\/novoportal\/wp-content\/uploads\/2024\/03\/WhatsApp-Image-2024-03-27-at-12.39.30-PM-150x150.jpeg\" class=\"attachment-thumbnail size-thumbnail\" alt=\"\" \/><\/a>\n\t\t\t<\/dt><\/dl><br style=\"clear: both\" \/>\n\t\t<\/div>\n\n<p><strong>Na visita, Alex esteve acompanhado pelo tamb\u00e9m cooperado Valtinho da VL &#8211; Veneza Agropecu\u00e1ria e a colaborado Neide.\u00a0<\/strong><\/p>\n","protected":false},"excerpt":{"rendered":"<p>Nesta quarta-feira (27), o diretor presidente da Coopardo, Alex Coelho, visitou a Fazenda Nova Igua\u00e7u, do produtor cooperado Leonardo D\u00f3rea, um dos detentores de gen\u00e9tica de ponta na regi\u00e3o e no estado da Bahia. Em contato com a nossa reda\u00e7\u00e3o, Alex afirmou que a visita faz parte de uma programa\u00e7\u00e3o da Coopardo, para troca de [&hellip;]<\/p>\n","protected":false},"author":2,"featured_media":116044,"comment_status":"closed","ping_status":"open","sticky":false,"template":"","format":"standard","meta":{"footnotes":"","_links_to":"","_links_to_target":""},"categories":[1],"tags":[],"class_list":["post-116043","post","type-post","status-publish","format-standard","has-post-thumbnail","hentry","category-geral"],"views":869,"_links":{"self":[{"href":"https:\/\/www.sudoestehoje.com.br\/novoportal\/wp-json\/wp\/v2\/posts\/116043","targetHints":{"allow":["GET"]}}],"collection":[{"href":"https:\/\/www.sudoestehoje.com.br\/novoportal\/wp-json\/wp\/v2\/posts"}],"about":[{"href":"https:\/\/www.sudoestehoje.com.br\/novoportal\/wp-json\/wp\/v2\/types\/post"}],"author":[{"embeddable":true,"href":"https:\/\/www.sudoestehoje.com.br\/novoportal\/wp-json\/wp\/v2\/users\/2"}],"replies":[{"embeddable":true,"href":"https:\/\/www.sudoestehoje.com.br\/novoportal\/wp-json\/wp\/v2\/comments?post=116043"}],"version-history":[{"count":3,"href":"https:\/\/www.sudoestehoje.com.br\/novoportal\/wp-json\/wp\/v2\/posts\/116043\/revisions"}],"predecessor-version":[{"id":116054,"href":"https:\/\/www.sudoestehoje.com.br\/novoportal\/wp-json\/wp\/v2\/posts\/116043\/revisions\/116054"}],"wp:featuredmedia":[{"embeddable":true,"href":"https:\/\/www.sudoestehoje.com.br\/novoportal\/wp-json\/wp\/v2\/media\/116044"}],"wp:attachment":[{"href":"https:\/\/www.sudoestehoje.com.br\/novoportal\/wp-json\/wp\/v2\/media?parent=116043"}],"wp:term":[{"taxonomy":"category","embeddable":true,"href":"https:\/\/www.sudoestehoje.com.br\/novoportal\/wp-json\/wp\/v2\/categories?post=116043"},{"taxonomy":"post_tag","embeddable":true,"href":"https:\/\/www.sudoestehoje.com.br\/novoportal\/wp-json\/wp\/v2\/tags?post=116043"}],"curies":[{"name":"wp","href":"https:\/\/api.w.org\/{rel}","templated":true}]}}