
{"id":116033,"date":"2024-03-27T10:46:08","date_gmt":"2024-03-27T13:46:08","guid":{"rendered":"https:\/\/www.sudoestehoje.com.br\/novoportal\/?p=116033"},"modified":"2024-03-27T10:46:08","modified_gmt":"2024-03-27T13:46:08","slug":"itapetinga-tera-coleta-de-lixo-normal-no-feriado-da-sexta-feira-da-paixao","status":"publish","type":"post","link":"https:\/\/www.sudoestehoje.com.br\/novoportal\/2024\/03\/27\/itapetinga-tera-coleta-de-lixo-normal-no-feriado-da-sexta-feira-da-paixao\/","title":{"rendered":"ITAPETINGA TER\u00c1 COLETA DE LIXO NORMAL NO FERIADO DA SEXTA-FEIRA DA PAIX\u00c3O"},"content":{"rendered":"<p><img loading=\"lazy\" decoding=\"async\" class=\"alignnone  wp-image-116036\" src=\"https:\/\/www.sudoestehoje.com.br\/novoportal\/wp-content\/uploads\/2024\/03\/download-1-1.jpg\" alt=\"\" width=\"551\" height=\"287\" \/><\/p>\n<p><strong>Na Sexta-feira Santa, feriado nacional em que se comemora a Paix\u00e3o de Cristo, n\u00e3o haver\u00e1 interrup\u00e7\u00e3o na coleta de lixo em Itapetinga.<\/strong><\/p>\n<p><strong>De acordo com a Secretaria de Servi\u00e7os P\u00fablicos, a coleta ser\u00e1 feita normalmente, nos hor\u00e1rios habituais. \/\/SH<\/strong><\/p>\n","protected":false},"excerpt":{"rendered":"<p>Na Sexta-feira Santa, feriado nacional em que se comemora a Paix\u00e3o de Cristo, n\u00e3o haver\u00e1 interrup\u00e7\u00e3o na coleta de lixo em Itapetinga. De acordo com a Secretaria de Servi\u00e7os P\u00fablicos, a coleta ser\u00e1 feita normalmente, nos hor\u00e1rios habituais. \/\/SH<\/p>\n","protected":false},"author":2,"featured_media":116036,"comment_status":"closed","ping_status":"open","sticky":false,"template":"","format":"standard","meta":{"footnotes":"","_links_to":"","_links_to_target":""},"categories":[1],"tags":[],"class_list":["post-116033","post","type-post","status-publish","format-standard","has-post-thumbnail","hentry","category-geral"],"views":706,"_links":{"self":[{"href":"https:\/\/www.sudoestehoje.com.br\/novoportal\/wp-json\/wp\/v2\/posts\/116033","targetHints":{"allow":["GET"]}}],"collection":[{"href":"https:\/\/www.sudoestehoje.com.br\/novoportal\/wp-json\/wp\/v2\/posts"}],"about":[{"href":"https:\/\/www.sudoestehoje.com.br\/novoportal\/wp-json\/wp\/v2\/types\/post"}],"author":[{"embeddable":true,"href":"https:\/\/www.sudoestehoje.com.br\/novoportal\/wp-json\/wp\/v2\/users\/2"}],"replies":[{"embeddable":true,"href":"https:\/\/www.sudoestehoje.com.br\/novoportal\/wp-json\/wp\/v2\/comments?post=116033"}],"version-history":[{"count":3,"href":"https:\/\/www.sudoestehoje.com.br\/novoportal\/wp-json\/wp\/v2\/posts\/116033\/revisions"}],"predecessor-version":[{"id":116037,"href":"https:\/\/www.sudoestehoje.com.br\/novoportal\/wp-json\/wp\/v2\/posts\/116033\/revisions\/116037"}],"wp:featuredmedia":[{"embeddable":true,"href":"https:\/\/www.sudoestehoje.com.br\/novoportal\/wp-json\/wp\/v2\/media\/116036"}],"wp:attachment":[{"href":"https:\/\/www.sudoestehoje.com.br\/novoportal\/wp-json\/wp\/v2\/media?parent=116033"}],"wp:term":[{"taxonomy":"category","embeddable":true,"href":"https:\/\/www.sudoestehoje.com.br\/novoportal\/wp-json\/wp\/v2\/categories?post=116033"},{"taxonomy":"post_tag","embeddable":true,"href":"https:\/\/www.sudoestehoje.com.br\/novoportal\/wp-json\/wp\/v2\/tags?post=116033"}],"curies":[{"name":"wp","href":"https:\/\/api.w.org\/{rel}","templated":true}]}}