
{"id":116029,"date":"2024-03-27T09:05:21","date_gmt":"2024-03-27T12:05:21","guid":{"rendered":"https:\/\/www.sudoestehoje.com.br\/novoportal\/?p=116029"},"modified":"2024-03-27T09:05:21","modified_gmt":"2024-03-27T12:05:21","slug":"itapetinga-funcionamento-normal-do-comercio-na-semana-santa","status":"publish","type":"post","link":"https:\/\/www.sudoestehoje.com.br\/novoportal\/2024\/03\/27\/itapetinga-funcionamento-normal-do-comercio-na-semana-santa\/","title":{"rendered":"ITAPETINGA | FUNCIONAMENTO NORMAL DO COM\u00c9RCIO NA SEMANA SANTA"},"content":{"rendered":"<p><img loading=\"lazy\" decoding=\"async\" class=\"alignnone  wp-image-116030\" src=\"https:\/\/www.sudoestehoje.com.br\/novoportal\/wp-content\/uploads\/2024\/03\/f12773c0-2299-4d7b-919e-dccd015fa3fc-600x338.jpg\" alt=\"\" width=\"550\" height=\"310\" srcset=\"https:\/\/www.sudoestehoje.com.br\/novoportal\/wp-content\/uploads\/2024\/03\/f12773c0-2299-4d7b-919e-dccd015fa3fc-600x338.jpg 600w, https:\/\/www.sudoestehoje.com.br\/novoportal\/wp-content\/uploads\/2024\/03\/f12773c0-2299-4d7b-919e-dccd015fa3fc-700x394.jpg 700w, https:\/\/www.sudoestehoje.com.br\/novoportal\/wp-content\/uploads\/2024\/03\/f12773c0-2299-4d7b-919e-dccd015fa3fc-768x432.jpg 768w, https:\/\/www.sudoestehoje.com.br\/novoportal\/wp-content\/uploads\/2024\/03\/f12773c0-2299-4d7b-919e-dccd015fa3fc-1536x865.jpg 1536w, https:\/\/www.sudoestehoje.com.br\/novoportal\/wp-content\/uploads\/2024\/03\/f12773c0-2299-4d7b-919e-dccd015fa3fc.jpg 1600w\" sizes=\"auto, (max-width: 550px) 100vw, 550px\" \/><\/p>\n<p><strong>Com exce\u00e7\u00e3o da &#8216;Sexta-feira da Paix\u00e3o&#8217;, que \u00e9 feriado nacional, nos demais dias da Semana Santa o com\u00e9rcio funcionar\u00e1 normalmente em Itapetinga, segundo a CDL, nos hor\u00e1rios normais.<\/strong><\/p>\n<p><strong>A rede banc\u00e1ria segue a mesma orienta\u00e7\u00e3o, assim como os servi\u00e7os p\u00fablicos federais, estaduais e municipais.<\/strong><\/p>\n<p><strong>Assim, o feriad\u00e3o fica restrito \u00e0 sexta, s\u00e1bado e domingo.<\/strong><\/p>\n<p><strong>Reda\u00e7\u00e3o SH<\/strong><\/p>\n","protected":false},"excerpt":{"rendered":"<p>Com exce\u00e7\u00e3o da &#8216;Sexta-feira da Paix\u00e3o&#8217;, que \u00e9 feriado nacional, nos demais dias da Semana Santa o com\u00e9rcio funcionar\u00e1 normalmente em Itapetinga, segundo a CDL, nos hor\u00e1rios normais. A rede banc\u00e1ria segue a mesma orienta\u00e7\u00e3o, assim como os servi\u00e7os p\u00fablicos federais, estaduais e municipais. Assim, o feriad\u00e3o fica restrito \u00e0 sexta, s\u00e1bado e domingo. Reda\u00e7\u00e3o [&hellip;]<\/p>\n","protected":false},"author":2,"featured_media":116030,"comment_status":"closed","ping_status":"open","sticky":false,"template":"","format":"standard","meta":{"footnotes":"","_links_to":"","_links_to_target":""},"categories":[1],"tags":[],"class_list":["post-116029","post","type-post","status-publish","format-standard","has-post-thumbnail","hentry","category-geral"],"views":1756,"_links":{"self":[{"href":"https:\/\/www.sudoestehoje.com.br\/novoportal\/wp-json\/wp\/v2\/posts\/116029","targetHints":{"allow":["GET"]}}],"collection":[{"href":"https:\/\/www.sudoestehoje.com.br\/novoportal\/wp-json\/wp\/v2\/posts"}],"about":[{"href":"https:\/\/www.sudoestehoje.com.br\/novoportal\/wp-json\/wp\/v2\/types\/post"}],"author":[{"embeddable":true,"href":"https:\/\/www.sudoestehoje.com.br\/novoportal\/wp-json\/wp\/v2\/users\/2"}],"replies":[{"embeddable":true,"href":"https:\/\/www.sudoestehoje.com.br\/novoportal\/wp-json\/wp\/v2\/comments?post=116029"}],"version-history":[{"count":2,"href":"https:\/\/www.sudoestehoje.com.br\/novoportal\/wp-json\/wp\/v2\/posts\/116029\/revisions"}],"predecessor-version":[{"id":116032,"href":"https:\/\/www.sudoestehoje.com.br\/novoportal\/wp-json\/wp\/v2\/posts\/116029\/revisions\/116032"}],"wp:featuredmedia":[{"embeddable":true,"href":"https:\/\/www.sudoestehoje.com.br\/novoportal\/wp-json\/wp\/v2\/media\/116030"}],"wp:attachment":[{"href":"https:\/\/www.sudoestehoje.com.br\/novoportal\/wp-json\/wp\/v2\/media?parent=116029"}],"wp:term":[{"taxonomy":"category","embeddable":true,"href":"https:\/\/www.sudoestehoje.com.br\/novoportal\/wp-json\/wp\/v2\/categories?post=116029"},{"taxonomy":"post_tag","embeddable":true,"href":"https:\/\/www.sudoestehoje.com.br\/novoportal\/wp-json\/wp\/v2\/tags?post=116029"}],"curies":[{"name":"wp","href":"https:\/\/api.w.org\/{rel}","templated":true}]}}