
{"id":116023,"date":"2024-03-26T16:17:37","date_gmt":"2024-03-26T19:17:37","guid":{"rendered":"https:\/\/www.sudoestehoje.com.br\/novoportal\/?p=116023"},"modified":"2024-03-26T17:01:16","modified_gmt":"2024-03-26T20:01:16","slug":"morre-naldo-ferraz-aos-86-anos","status":"publish","type":"post","link":"https:\/\/www.sudoestehoje.com.br\/novoportal\/2024\/03\/26\/morre-naldo-ferraz-aos-86-anos\/","title":{"rendered":"MORRE NALDO FERRAZ, AOS 86 ANOS"},"content":{"rendered":"<p><img loading=\"lazy\" decoding=\"async\" class=\"alignnone wp-image-116024\" src=\"https:\/\/www.sudoestehoje.com.br\/novoportal\/wp-content\/uploads\/2024\/03\/ebefa59e-34ed-4623-8b66-2280c87c6c3e-600x604.jpg\" alt=\"\" width=\"551\" height=\"555\" srcset=\"https:\/\/www.sudoestehoje.com.br\/novoportal\/wp-content\/uploads\/2024\/03\/ebefa59e-34ed-4623-8b66-2280c87c6c3e-600x604.jpg 600w, https:\/\/www.sudoestehoje.com.br\/novoportal\/wp-content\/uploads\/2024\/03\/ebefa59e-34ed-4623-8b66-2280c87c6c3e-700x705.jpg 700w, https:\/\/www.sudoestehoje.com.br\/novoportal\/wp-content\/uploads\/2024\/03\/ebefa59e-34ed-4623-8b66-2280c87c6c3e-150x150.jpg 150w, https:\/\/www.sudoestehoje.com.br\/novoportal\/wp-content\/uploads\/2024\/03\/ebefa59e-34ed-4623-8b66-2280c87c6c3e-768x773.jpg 768w, https:\/\/www.sudoestehoje.com.br\/novoportal\/wp-content\/uploads\/2024\/03\/ebefa59e-34ed-4623-8b66-2280c87c6c3e.jpg 1034w\" sizes=\"auto, (max-width: 551px) 100vw, 551px\" \/><\/p>\n<p><strong>Faleceu, na manh\u00e3 desta ter\u00e7a-feira (26), na UTI do Hospital de Base de Vit\u00f3ria da Conquista, o ex pecuarista Naldo Ferraz, aos 86 anos, de causas naturais.<\/strong><\/p>\n<p><strong>Itapetinguense, Naldo Ferraz residiu nos \u00faltimos anos em Macarani, aos lado dos seus filhos Dr. Miller Ferraz, ex-prefeito do munic\u00edpio, Andr\u00e9 Ferraz, vereador, sua filha Laudy e sua esposa Marilene Ferraz.<\/strong><\/p>\n<p><strong>Muito querido na regi\u00e3o, Naldo deixa uma lacuna na fam\u00edlia e entre os amigos, pela sua generosidade e car\u00e1ter.<\/strong><\/p>\n<p><strong>O Sudoeste Hoje lamenta a passagem do primo e amigo Naldo, estendendo o seu pesar aos familiares pr\u00f3ximos e amigos.<\/strong><\/p>\n<p><strong>O corpo ser\u00e1 velado na Cerimonial Pax Perfei\u00e7\u00e3o, em Itapetinga, com sepultamento previsto para amanh\u00e3 (quarta-feira), no Cemit\u00e9rio Parque da Eternidade, na Nova Itapetinga.<\/strong><\/p>\n<p><strong>Davi Ferraz &#8211; Editor<\/strong><\/p>\n","protected":false},"excerpt":{"rendered":"<p>Faleceu, na manh\u00e3 desta ter\u00e7a-feira (26), na UTI do Hospital de Base de Vit\u00f3ria da Conquista, o ex pecuarista Naldo Ferraz, aos 86 anos, de causas naturais. Itapetinguense, Naldo Ferraz residiu nos \u00faltimos anos em Macarani, aos lado dos seus filhos Dr. Miller Ferraz, ex-prefeito do munic\u00edpio, Andr\u00e9 Ferraz, vereador, sua filha Laudy e sua [&hellip;]<\/p>\n","protected":false},"author":2,"featured_media":116024,"comment_status":"closed","ping_status":"open","sticky":false,"template":"","format":"standard","meta":{"footnotes":"","_links_to":"","_links_to_target":""},"categories":[1],"tags":[],"class_list":["post-116023","post","type-post","status-publish","format-standard","has-post-thumbnail","hentry","category-geral"],"views":2478,"_links":{"self":[{"href":"https:\/\/www.sudoestehoje.com.br\/novoportal\/wp-json\/wp\/v2\/posts\/116023","targetHints":{"allow":["GET"]}}],"collection":[{"href":"https:\/\/www.sudoestehoje.com.br\/novoportal\/wp-json\/wp\/v2\/posts"}],"about":[{"href":"https:\/\/www.sudoestehoje.com.br\/novoportal\/wp-json\/wp\/v2\/types\/post"}],"author":[{"embeddable":true,"href":"https:\/\/www.sudoestehoje.com.br\/novoportal\/wp-json\/wp\/v2\/users\/2"}],"replies":[{"embeddable":true,"href":"https:\/\/www.sudoestehoje.com.br\/novoportal\/wp-json\/wp\/v2\/comments?post=116023"}],"version-history":[{"count":4,"href":"https:\/\/www.sudoestehoje.com.br\/novoportal\/wp-json\/wp\/v2\/posts\/116023\/revisions"}],"predecessor-version":[{"id":116028,"href":"https:\/\/www.sudoestehoje.com.br\/novoportal\/wp-json\/wp\/v2\/posts\/116023\/revisions\/116028"}],"wp:featuredmedia":[{"embeddable":true,"href":"https:\/\/www.sudoestehoje.com.br\/novoportal\/wp-json\/wp\/v2\/media\/116024"}],"wp:attachment":[{"href":"https:\/\/www.sudoestehoje.com.br\/novoportal\/wp-json\/wp\/v2\/media?parent=116023"}],"wp:term":[{"taxonomy":"category","embeddable":true,"href":"https:\/\/www.sudoestehoje.com.br\/novoportal\/wp-json\/wp\/v2\/categories?post=116023"},{"taxonomy":"post_tag","embeddable":true,"href":"https:\/\/www.sudoestehoje.com.br\/novoportal\/wp-json\/wp\/v2\/tags?post=116023"}],"curies":[{"name":"wp","href":"https:\/\/api.w.org\/{rel}","templated":true}]}}