
{"id":116015,"date":"2024-03-25T20:37:00","date_gmt":"2024-03-25T23:37:00","guid":{"rendered":"https:\/\/www.sudoestehoje.com.br\/novoportal\/?p=116015"},"modified":"2024-03-25T20:37:00","modified_gmt":"2024-03-25T23:37:00","slug":"em-sao-paulo-kassab-otto-e-antonio-brito-discutem-diretrizes-do-psd","status":"publish","type":"post","link":"https:\/\/www.sudoestehoje.com.br\/novoportal\/2024\/03\/25\/em-sao-paulo-kassab-otto-e-antonio-brito-discutem-diretrizes-do-psd\/","title":{"rendered":"EM S\u00c3O PAULO, KASSAB, OTTO E ANT\u00d4NIO BRITO DISCUTEM DIRETRIZES DO PSD"},"content":{"rendered":"<p><img loading=\"lazy\" decoding=\"async\" class=\"alignnone  wp-image-116016\" src=\"https:\/\/www.sudoestehoje.com.br\/novoportal\/wp-content\/uploads\/2024\/03\/5f4d79ba-2a70-4df0-8d48-25a59112ca5b-600x450.jpg\" alt=\"\" width=\"551\" height=\"413\" srcset=\"https:\/\/www.sudoestehoje.com.br\/novoportal\/wp-content\/uploads\/2024\/03\/5f4d79ba-2a70-4df0-8d48-25a59112ca5b-600x450.jpg 600w, https:\/\/www.sudoestehoje.com.br\/novoportal\/wp-content\/uploads\/2024\/03\/5f4d79ba-2a70-4df0-8d48-25a59112ca5b-700x525.jpg 700w, https:\/\/www.sudoestehoje.com.br\/novoportal\/wp-content\/uploads\/2024\/03\/5f4d79ba-2a70-4df0-8d48-25a59112ca5b-768x576.jpg 768w, https:\/\/www.sudoestehoje.com.br\/novoportal\/wp-content\/uploads\/2024\/03\/5f4d79ba-2a70-4df0-8d48-25a59112ca5b.jpg 1280w\" sizes=\"auto, (max-width: 551px) 100vw, 551px\" \/><\/p>\n<p><strong>Nesta segunda-feira, o presidente nacional do PSD e secret\u00e1rio de Governo e Rela\u00e7\u00f5es Institucionais de S\u00e2o Paulo, Gilberto Kassab, se reuniu com o l\u00edder da bancada do PSD no Senado, senador Otto Alencar, e o l\u00edder do PSD na C\u00e2mara, deputado Antonio Brito para debater o futuro do partido. <\/strong><\/p>\n<p><strong>Durante o encontro, realizado no Pal\u00e1cio dos Bandeirantes, sede do governo de S\u00e3o Paulo, foram discutidas as diretrizes da sigla, as elei\u00e7\u00f5es municipais de 2024, bem como a participa\u00e7\u00e3o do partido nas duas casas do Congresso Nacional. <\/strong><\/p>\n<p><strong>O PSD, que hoje possui o maior n\u00famero de prefeitos do Brasil, dois governadores (Sergipe e Paran\u00e1), tr\u00eas minist\u00e9rios no Governo Lula (Minas e Energia, Pesca e Aquicultura e Agricultura e Pecu\u00e1ria), maior bancada do Senado Federal, n\u00famero expressivo de deputados federais, al\u00e9m da presid\u00eancia do Senado, vislumbra ampliar os seus espa\u00e7os nacionalmente em 2024 e 2025.<\/strong><\/p>\n","protected":false},"excerpt":{"rendered":"<p>Nesta segunda-feira, o presidente nacional do PSD e secret\u00e1rio de Governo e Rela\u00e7\u00f5es Institucionais de S\u00e2o Paulo, Gilberto Kassab, se reuniu com o l\u00edder da bancada do PSD no Senado, senador Otto Alencar, e o l\u00edder do PSD na C\u00e2mara, deputado Antonio Brito para debater o futuro do partido. Durante o encontro, realizado no Pal\u00e1cio [&hellip;]<\/p>\n","protected":false},"author":2,"featured_media":116016,"comment_status":"closed","ping_status":"open","sticky":false,"template":"","format":"standard","meta":{"footnotes":"","_links_to":"","_links_to_target":""},"categories":[1],"tags":[],"class_list":["post-116015","post","type-post","status-publish","format-standard","has-post-thumbnail","hentry","category-geral"],"views":474,"_links":{"self":[{"href":"https:\/\/www.sudoestehoje.com.br\/novoportal\/wp-json\/wp\/v2\/posts\/116015","targetHints":{"allow":["GET"]}}],"collection":[{"href":"https:\/\/www.sudoestehoje.com.br\/novoportal\/wp-json\/wp\/v2\/posts"}],"about":[{"href":"https:\/\/www.sudoestehoje.com.br\/novoportal\/wp-json\/wp\/v2\/types\/post"}],"author":[{"embeddable":true,"href":"https:\/\/www.sudoestehoje.com.br\/novoportal\/wp-json\/wp\/v2\/users\/2"}],"replies":[{"embeddable":true,"href":"https:\/\/www.sudoestehoje.com.br\/novoportal\/wp-json\/wp\/v2\/comments?post=116015"}],"version-history":[{"count":2,"href":"https:\/\/www.sudoestehoje.com.br\/novoportal\/wp-json\/wp\/v2\/posts\/116015\/revisions"}],"predecessor-version":[{"id":116018,"href":"https:\/\/www.sudoestehoje.com.br\/novoportal\/wp-json\/wp\/v2\/posts\/116015\/revisions\/116018"}],"wp:featuredmedia":[{"embeddable":true,"href":"https:\/\/www.sudoestehoje.com.br\/novoportal\/wp-json\/wp\/v2\/media\/116016"}],"wp:attachment":[{"href":"https:\/\/www.sudoestehoje.com.br\/novoportal\/wp-json\/wp\/v2\/media?parent=116015"}],"wp:term":[{"taxonomy":"category","embeddable":true,"href":"https:\/\/www.sudoestehoje.com.br\/novoportal\/wp-json\/wp\/v2\/categories?post=116015"},{"taxonomy":"post_tag","embeddable":true,"href":"https:\/\/www.sudoestehoje.com.br\/novoportal\/wp-json\/wp\/v2\/tags?post=116015"}],"curies":[{"name":"wp","href":"https:\/\/api.w.org\/{rel}","templated":true}]}}