
{"id":116010,"date":"2024-03-25T20:19:46","date_gmt":"2024-03-25T23:19:46","guid":{"rendered":"https:\/\/www.sudoestehoje.com.br\/novoportal\/?p=116010"},"modified":"2024-03-25T20:19:46","modified_gmt":"2024-03-25T23:19:46","slug":"fib-confirma-apresentacao-do-grupo-so-pra-contrariar-acustico-em-conquista","status":"publish","type":"post","link":"https:\/\/www.sudoestehoje.com.br\/novoportal\/2024\/03\/25\/fib-confirma-apresentacao-do-grupo-so-pra-contrariar-acustico-em-conquista\/","title":{"rendered":"FIB CONFIRMA APRESENTA\u00c7\u00c3O DO GRUPO &#8216;S\u00d3 PRA CONTRARIAR&#8217; AC\u00daSTICO EM CONQUISTA"},"content":{"rendered":"<p dir=\"ltr\"><img loading=\"lazy\" decoding=\"async\" class=\"alignnone  wp-image-116012\" src=\"https:\/\/www.sudoestehoje.com.br\/novoportal\/wp-content\/uploads\/2024\/03\/unnamed-1-600x388.jpg\" alt=\"\" width=\"551\" height=\"356\" srcset=\"https:\/\/www.sudoestehoje.com.br\/novoportal\/wp-content\/uploads\/2024\/03\/unnamed-1-600x388.jpg 600w, https:\/\/www.sudoestehoje.com.br\/novoportal\/wp-content\/uploads\/2024\/03\/unnamed-1-700x452.jpg 700w, https:\/\/www.sudoestehoje.com.br\/novoportal\/wp-content\/uploads\/2024\/03\/unnamed-1-768x496.jpg 768w, https:\/\/www.sudoestehoje.com.br\/novoportal\/wp-content\/uploads\/2024\/03\/unnamed-1-1536x992.jpg 1536w, https:\/\/www.sudoestehoje.com.br\/novoportal\/wp-content\/uploads\/2024\/03\/unnamed-1-2048x1323.jpg 2048w\" sizes=\"auto, (max-width: 551px) 100vw, 551px\" \/><\/p>\n<p dir=\"ltr\"><strong>A turn\u00ea \u201cSPC Ac\u00fastico 2 &#8211; O \u00daltimo Encontro\u201d desembarca em Vit\u00f3ria da Conquista, em agosto, para a edi\u00e7\u00e3o de 18 anos do Festival de Inverno Bahia. O que era para ser uma surpresa, acabou sendo divulgado nas redes oficiais do grupo e confirmado pela organiza\u00e7\u00e3o do festival, nesta segunda (25).<\/strong><\/p>\n<p dir=\"ltr\"><strong>\u201cEst\u00e1vamos muito ansiosos para anunciar essa atra\u00e7\u00e3o que chega para somar ainda mais \u00e0 nossa grade. Come\u00e7ar a semana confirmando esse an\u00fancio \u00e9 um grande presente para os conquistenses que ter\u00e3o a chance de aproveitar a despedida de um grupo ic\u00f4nico da m\u00fasica brasileira\u201d, conta o Head da Bahia Eventos, Bruno Portela.<\/strong><\/p>\n<p dir=\"ltr\"><strong>Ap\u00f3s 10 anos de expectativa, Alexandre Pires e S\u00f3 Pra Contrariar v\u00e3o novamente dividir o mesmo palco, marcando a despedida do cantor Alexandre Pires do grupo. Para os f\u00e3s saudosos, essa ser\u00e1 a \u00faltima chance de ver o SPC em sua forma\u00e7\u00e3o original. Com mais de 20 milh\u00f5es de discos vendidos, in\u00fameros shows com ingressos esgotados, muitos pr\u00eamios e v\u00e1rios sucessos na mem\u00f3ria do p\u00fablico, a banda tem\u00a0 hits consagrados como \u201cDomingo\u201d, \u201cEssa Tal Liberdade\u201d, \u201cDepois do Prazer\u201d, \u201cMineirinho\u201d, \u201cQue se chama Amor\u201d, \u201cSai da Minha Aba\u201d e a divertida \u201cA Barata da Vizinha\u201d, respons\u00e1vel por embalar, at\u00e9 hoje, as rodas de samba.<\/strong><\/p>\n<p dir=\"ltr\"><strong>O grupo SPC \u00e9 agora a quinta atra\u00e7\u00e3o conhecida do #FIB24, que j\u00e1 anunciou Ana Castela, Menos \u00e9 Mais, Samuel Rosa e Filhos de Jorge para o\u00a0lineup\u00a0deste ano.\u00a0A produ\u00e7\u00e3o do Festival de Inverno Bahia \u00e9 assinada pela Bahia Eventos, empresa de entretenimento da Rede Bahia, em parceria com a TV Sudoeste.<\/strong><\/p>\n","protected":false},"excerpt":{"rendered":"<p>A turn\u00ea \u201cSPC Ac\u00fastico 2 &#8211; O \u00daltimo Encontro\u201d desembarca em Vit\u00f3ria da Conquista, em agosto, para a edi\u00e7\u00e3o de 18 anos do Festival de Inverno Bahia. O que era para ser uma surpresa, acabou sendo divulgado nas redes oficiais do grupo e confirmado pela organiza\u00e7\u00e3o do festival, nesta segunda (25). \u201cEst\u00e1vamos muito ansiosos para [&hellip;]<\/p>\n","protected":false},"author":2,"featured_media":116012,"comment_status":"closed","ping_status":"open","sticky":false,"template":"","format":"standard","meta":{"footnotes":"","_links_to":"","_links_to_target":""},"categories":[1],"tags":[],"class_list":["post-116010","post","type-post","status-publish","format-standard","has-post-thumbnail","hentry","category-geral"],"views":1619,"_links":{"self":[{"href":"https:\/\/www.sudoestehoje.com.br\/novoportal\/wp-json\/wp\/v2\/posts\/116010","targetHints":{"allow":["GET"]}}],"collection":[{"href":"https:\/\/www.sudoestehoje.com.br\/novoportal\/wp-json\/wp\/v2\/posts"}],"about":[{"href":"https:\/\/www.sudoestehoje.com.br\/novoportal\/wp-json\/wp\/v2\/types\/post"}],"author":[{"embeddable":true,"href":"https:\/\/www.sudoestehoje.com.br\/novoportal\/wp-json\/wp\/v2\/users\/2"}],"replies":[{"embeddable":true,"href":"https:\/\/www.sudoestehoje.com.br\/novoportal\/wp-json\/wp\/v2\/comments?post=116010"}],"version-history":[{"count":3,"href":"https:\/\/www.sudoestehoje.com.br\/novoportal\/wp-json\/wp\/v2\/posts\/116010\/revisions"}],"predecessor-version":[{"id":116014,"href":"https:\/\/www.sudoestehoje.com.br\/novoportal\/wp-json\/wp\/v2\/posts\/116010\/revisions\/116014"}],"wp:featuredmedia":[{"embeddable":true,"href":"https:\/\/www.sudoestehoje.com.br\/novoportal\/wp-json\/wp\/v2\/media\/116012"}],"wp:attachment":[{"href":"https:\/\/www.sudoestehoje.com.br\/novoportal\/wp-json\/wp\/v2\/media?parent=116010"}],"wp:term":[{"taxonomy":"category","embeddable":true,"href":"https:\/\/www.sudoestehoje.com.br\/novoportal\/wp-json\/wp\/v2\/categories?post=116010"},{"taxonomy":"post_tag","embeddable":true,"href":"https:\/\/www.sudoestehoje.com.br\/novoportal\/wp-json\/wp\/v2\/tags?post=116010"}],"curies":[{"name":"wp","href":"https:\/\/api.w.org\/{rel}","templated":true}]}}