
{"id":116004,"date":"2024-03-25T19:40:20","date_gmt":"2024-03-25T22:40:20","guid":{"rendered":"https:\/\/www.sudoestehoje.com.br\/novoportal\/?p=116004"},"modified":"2024-03-25T19:50:21","modified_gmt":"2024-03-25T22:50:21","slug":"esportes-gabigol-e-suspenso-por-2-anos-por-fraude-em-exame-antidoping","status":"publish","type":"post","link":"https:\/\/www.sudoestehoje.com.br\/novoportal\/2024\/03\/25\/esportes-gabigol-e-suspenso-por-2-anos-por-fraude-em-exame-antidoping\/","title":{"rendered":"ESPORTE | GABIGOL \u00c9 SUSPENSO POR 2 ANOS POR FRAUDE EM EXAME ANTIDOPING"},"content":{"rendered":"<p data-sourcepos=\"3:1-3:314\"><img loading=\"lazy\" decoding=\"async\" class=\"alignnone wp-image-116007\" src=\"https:\/\/www.sudoestehoje.com.br\/novoportal\/wp-content\/uploads\/2024\/03\/gabigol-lesao-1-600x370.jpeg\" alt=\"\" width=\"551\" height=\"340\" srcset=\"https:\/\/www.sudoestehoje.com.br\/novoportal\/wp-content\/uploads\/2024\/03\/gabigol-lesao-1-600x370.jpeg 600w, https:\/\/www.sudoestehoje.com.br\/novoportal\/wp-content\/uploads\/2024\/03\/gabigol-lesao-1-700x432.jpeg 700w, https:\/\/www.sudoestehoje.com.br\/novoportal\/wp-content\/uploads\/2024\/03\/gabigol-lesao-1-768x474.jpeg 768w, https:\/\/www.sudoestehoje.com.br\/novoportal\/wp-content\/uploads\/2024\/03\/gabigol-lesao-1.jpeg 1200w\" sizes=\"auto, (max-width: 551px) 100vw, 551px\" \/><\/p>\n<p data-sourcepos=\"3:1-3:314\"><strong>O atacante Gabriel Barbosa, o Gabigol, do Flamengo, foi suspenso por 2 anos pela Justi\u00e7a Desportiva Antidopagem por tentativa de fraude em um exame antidoping realizado em abril de 2023. <\/strong><\/p>\n<p data-sourcepos=\"3:1-3:314\"><strong>A decis\u00e3o foi tomada ap\u00f3s um julgamento que durou mais de 5 horas, realizado em duas etapas, nos dias 18 e 25 de mar\u00e7o de 2024.<\/strong><\/p>\n<p data-sourcepos=\"5:1-5:195\"><strong>Gabigol nega as acusa\u00e7\u00f5es e afirma que o exame foi realizado sem problemas, com resultado negativo. O Flamengo, por sua vez, ir\u00e1 recorrer da decis\u00e3o, buscando a anula\u00e7\u00e3o da pena ou a sua redu\u00e7\u00e3o.<\/strong><\/p>\n","protected":false},"excerpt":{"rendered":"<p>O atacante Gabriel Barbosa, o Gabigol, do Flamengo, foi suspenso por 2 anos pela Justi\u00e7a Desportiva Antidopagem por tentativa de fraude em um exame antidoping realizado em abril de 2023. A decis\u00e3o foi tomada ap\u00f3s um julgamento que durou mais de 5 horas, realizado em duas etapas, nos dias 18 e 25 de mar\u00e7o de [&hellip;]<\/p>\n","protected":false},"author":2,"featured_media":116007,"comment_status":"closed","ping_status":"open","sticky":false,"template":"","format":"standard","meta":{"footnotes":"","_links_to":"","_links_to_target":""},"categories":[1],"tags":[],"class_list":["post-116004","post","type-post","status-publish","format-standard","has-post-thumbnail","hentry","category-geral"],"views":561,"_links":{"self":[{"href":"https:\/\/www.sudoestehoje.com.br\/novoportal\/wp-json\/wp\/v2\/posts\/116004","targetHints":{"allow":["GET"]}}],"collection":[{"href":"https:\/\/www.sudoestehoje.com.br\/novoportal\/wp-json\/wp\/v2\/posts"}],"about":[{"href":"https:\/\/www.sudoestehoje.com.br\/novoportal\/wp-json\/wp\/v2\/types\/post"}],"author":[{"embeddable":true,"href":"https:\/\/www.sudoestehoje.com.br\/novoportal\/wp-json\/wp\/v2\/users\/2"}],"replies":[{"embeddable":true,"href":"https:\/\/www.sudoestehoje.com.br\/novoportal\/wp-json\/wp\/v2\/comments?post=116004"}],"version-history":[{"count":4,"href":"https:\/\/www.sudoestehoje.com.br\/novoportal\/wp-json\/wp\/v2\/posts\/116004\/revisions"}],"predecessor-version":[{"id":116009,"href":"https:\/\/www.sudoestehoje.com.br\/novoportal\/wp-json\/wp\/v2\/posts\/116004\/revisions\/116009"}],"wp:featuredmedia":[{"embeddable":true,"href":"https:\/\/www.sudoestehoje.com.br\/novoportal\/wp-json\/wp\/v2\/media\/116007"}],"wp:attachment":[{"href":"https:\/\/www.sudoestehoje.com.br\/novoportal\/wp-json\/wp\/v2\/media?parent=116004"}],"wp:term":[{"taxonomy":"category","embeddable":true,"href":"https:\/\/www.sudoestehoje.com.br\/novoportal\/wp-json\/wp\/v2\/categories?post=116004"},{"taxonomy":"post_tag","embeddable":true,"href":"https:\/\/www.sudoestehoje.com.br\/novoportal\/wp-json\/wp\/v2\/tags?post=116004"}],"curies":[{"name":"wp","href":"https:\/\/api.w.org\/{rel}","templated":true}]}}