
{"id":115999,"date":"2024-03-25T11:10:10","date_gmt":"2024-03-25T14:10:10","guid":{"rendered":"https:\/\/www.sudoestehoje.com.br\/novoportal\/?p=115999"},"modified":"2024-03-25T11:10:10","modified_gmt":"2024-03-25T14:10:10","slug":"daniel-alves-paga-fianca-e-deve-ser-solto-ainda-nesta-segunda-feira","status":"publish","type":"post","link":"https:\/\/www.sudoestehoje.com.br\/novoportal\/2024\/03\/25\/daniel-alves-paga-fianca-e-deve-ser-solto-ainda-nesta-segunda-feira\/","title":{"rendered":"DANIEL ALVES PAGA FIAN\u00c7A E DEVE SER SOLTO AINDA NESTA SEGUNDA-FEIRA"},"content":{"rendered":"<div id=\"chunk-bovjv\">\n<div class=\"mc-column content-text active-extra-styles \" data-block-type=\"unstyled\" data-block-weight=\"42\" data-block-id=\"2\">\n<p data-track-category=\"Link no Texto\" data-track-links=\"\" data-mrf-recirculation=\"Article links\"><img loading=\"lazy\" decoding=\"async\" class=\"alignnone  wp-image-116000\" src=\"https:\/\/www.sudoestehoje.com.br\/novoportal\/wp-content\/uploads\/2024\/03\/IMAGEM_NOTICIA_1-600x333.jpg\" alt=\"\" width=\"550\" height=\"305\" srcset=\"https:\/\/www.sudoestehoje.com.br\/novoportal\/wp-content\/uploads\/2024\/03\/IMAGEM_NOTICIA_1-600x333.jpg 600w, https:\/\/www.sudoestehoje.com.br\/novoportal\/wp-content\/uploads\/2024\/03\/IMAGEM_NOTICIA_1-700x389.jpg 700w, https:\/\/www.sudoestehoje.com.br\/novoportal\/wp-content\/uploads\/2024\/03\/IMAGEM_NOTICIA_1-768x427.jpg 768w, https:\/\/www.sudoestehoje.com.br\/novoportal\/wp-content\/uploads\/2024\/03\/IMAGEM_NOTICIA_1.jpg 900w\" sizes=\"auto, (max-width: 550px) 100vw, 550px\" \/><\/p>\n<p class=\" content-text__container \" data-track-category=\"Link no Texto\" data-track-links=\"\" data-mrf-recirculation=\"Article links\"><strong>A defesa de Daniel Alves depositou nesta segunda-feira (25) a fian\u00e7a de 1 milh\u00e3o de euros (cerca de R$ 5,4 milh\u00f5es) para que a Justi\u00e7a conceda liberdade provis\u00f3ria ao jogador, segundo informou ao\u00a0g1\u00a0o Tribunal Superior de Justi\u00e7a da Catalunha.<\/strong><\/p>\n<\/div>\n<\/div>\n<div class=\"wall protected-content\">\n<div id=\"chunk-f8t83\">\n<div class=\"mc-column content-text active-extra-styles \" data-block-type=\"unstyled\" data-block-weight=\"48\" data-block-id=\"4\">\n<p class=\" content-text__container \" data-track-category=\"Link no Texto\" data-track-links=\"\" data-mrf-recirculation=\"Article links\"><strong>Ap\u00f3s o pagamento, os ju\u00edzes da Audi\u00eancia Provincial de\u00a0Barcelona, respons\u00e1vel pelo caso, deram o auto de liberdade ao ex-jogador &#8212; o que significa que ele pode deixar a pris\u00e3o a qualquer momento. A m\u00e3e de Alves, acompanhada da advogada do brasileiro, foi ao pres\u00eddio nesta manh\u00e3.<\/strong><\/p>\n<\/div>\n<\/div>\n<\/div>\n","protected":false},"excerpt":{"rendered":"<p>A defesa de Daniel Alves depositou nesta segunda-feira (25) a fian\u00e7a de 1 milh\u00e3o de euros (cerca de R$ 5,4 milh\u00f5es) para que a Justi\u00e7a conceda liberdade provis\u00f3ria ao jogador, segundo informou ao\u00a0g1\u00a0o Tribunal Superior de Justi\u00e7a da Catalunha. Ap\u00f3s o pagamento, os ju\u00edzes da Audi\u00eancia Provincial de\u00a0Barcelona, respons\u00e1vel pelo caso, deram o auto de [&hellip;]<\/p>\n","protected":false},"author":2,"featured_media":116000,"comment_status":"closed","ping_status":"open","sticky":false,"template":"","format":"standard","meta":{"footnotes":"","_links_to":"","_links_to_target":""},"categories":[1],"tags":[],"class_list":["post-115999","post","type-post","status-publish","format-standard","has-post-thumbnail","hentry","category-geral"],"views":542,"_links":{"self":[{"href":"https:\/\/www.sudoestehoje.com.br\/novoportal\/wp-json\/wp\/v2\/posts\/115999","targetHints":{"allow":["GET"]}}],"collection":[{"href":"https:\/\/www.sudoestehoje.com.br\/novoportal\/wp-json\/wp\/v2\/posts"}],"about":[{"href":"https:\/\/www.sudoestehoje.com.br\/novoportal\/wp-json\/wp\/v2\/types\/post"}],"author":[{"embeddable":true,"href":"https:\/\/www.sudoestehoje.com.br\/novoportal\/wp-json\/wp\/v2\/users\/2"}],"replies":[{"embeddable":true,"href":"https:\/\/www.sudoestehoje.com.br\/novoportal\/wp-json\/wp\/v2\/comments?post=115999"}],"version-history":[{"count":2,"href":"https:\/\/www.sudoestehoje.com.br\/novoportal\/wp-json\/wp\/v2\/posts\/115999\/revisions"}],"predecessor-version":[{"id":116002,"href":"https:\/\/www.sudoestehoje.com.br\/novoportal\/wp-json\/wp\/v2\/posts\/115999\/revisions\/116002"}],"wp:featuredmedia":[{"embeddable":true,"href":"https:\/\/www.sudoestehoje.com.br\/novoportal\/wp-json\/wp\/v2\/media\/116000"}],"wp:attachment":[{"href":"https:\/\/www.sudoestehoje.com.br\/novoportal\/wp-json\/wp\/v2\/media?parent=115999"}],"wp:term":[{"taxonomy":"category","embeddable":true,"href":"https:\/\/www.sudoestehoje.com.br\/novoportal\/wp-json\/wp\/v2\/categories?post=115999"},{"taxonomy":"post_tag","embeddable":true,"href":"https:\/\/www.sudoestehoje.com.br\/novoportal\/wp-json\/wp\/v2\/tags?post=115999"}],"curies":[{"name":"wp","href":"https:\/\/api.w.org\/{rel}","templated":true}]}}