
{"id":115964,"date":"2024-03-23T07:57:59","date_gmt":"2024-03-23T10:57:59","guid":{"rendered":"https:\/\/www.sudoestehoje.com.br\/novoportal\/?p=115964"},"modified":"2024-03-23T08:39:58","modified_gmt":"2024-03-23T11:39:58","slug":"itapetinga-mais-um-acidente-com-morte-no-trecho-urbano-da-ba-263-trevo-brasilgas","status":"publish","type":"post","link":"https:\/\/www.sudoestehoje.com.br\/novoportal\/2024\/03\/23\/itapetinga-mais-um-acidente-com-morte-no-trecho-urbano-da-ba-263-trevo-brasilgas\/","title":{"rendered":"ITAPETINGA | MAIS UM ACIDENTE COM MORTE NO TRECHO URBANO DA BA-263, TREVO BRASILG\u00c1S"},"content":{"rendered":"<p><img loading=\"lazy\" decoding=\"async\" class=\"alignnone wp-image-115966\" src=\"https:\/\/www.sudoestehoje.com.br\/novoportal\/wp-content\/uploads\/2024\/03\/14b92750-22ef-4a1e-9bb5-70c210f28c2a-600x542.jpg\" alt=\"\" width=\"551\" height=\"498\" srcset=\"https:\/\/www.sudoestehoje.com.br\/novoportal\/wp-content\/uploads\/2024\/03\/14b92750-22ef-4a1e-9bb5-70c210f28c2a-600x542.jpg 600w, https:\/\/www.sudoestehoje.com.br\/novoportal\/wp-content\/uploads\/2024\/03\/14b92750-22ef-4a1e-9bb5-70c210f28c2a-700x633.jpg 700w, https:\/\/www.sudoestehoje.com.br\/novoportal\/wp-content\/uploads\/2024\/03\/14b92750-22ef-4a1e-9bb5-70c210f28c2a-768x694.jpg 768w, https:\/\/www.sudoestehoje.com.br\/novoportal\/wp-content\/uploads\/2024\/03\/14b92750-22ef-4a1e-9bb5-70c210f28c2a.jpg 948w\" sizes=\"auto, (max-width: 551px) 100vw, 551px\" \/><\/p>\n<p><strong>Mais um acidente fatal aconteceu por volta da meia-noite desta sexta para s\u00e1bado, no perigoso per\u00edmetro urbano da BA-263, em Itapetinga, conhecido como &#8216;Trevo da Brasilg\u00e1s&#8217;.<\/strong><\/p>\n<p><strong>Desta vez, quem perdeu a vida foi a jovem servidor p\u00fablico municipal IAN GABRIEL CAVALCANTE, em um capotamento com o seu ve\u00edculo.<\/strong><\/p>\n<p><strong>O Sudoeste Hoje lamenta a morte do jovem Ian Gabriel e reitera \u00e0s autoridades estaduais a necessidade de ilumina\u00e7\u00e3o deste trecho da rodovia, r\u00f3tula no trevo e redutores de velocidade.<\/strong><\/p>\n<p><strong>Muitos acidentes j\u00e1 aconteceram neste trecho da rodovia, onde animais andam soltos na estrada. As circunst\u00e2ncias do capotamento com Ian Gabriel ainda n\u00e3o foram esclarecidas.<\/strong><\/p>\n<p><strong>Vel\u00f3rio na Pax Perfei\u00e7\u00e3o.<\/strong><\/p>\n<p><strong>Por Davi Ferraz<\/strong><\/p>\n","protected":false},"excerpt":{"rendered":"<p>Mais um acidente fatal aconteceu por volta da meia-noite desta sexta para s\u00e1bado, no perigoso per\u00edmetro urbano da BA-263, em Itapetinga, conhecido como &#8216;Trevo da Brasilg\u00e1s&#8217;. Desta vez, quem perdeu a vida foi a jovem servidor p\u00fablico municipal IAN GABRIEL CAVALCANTE, em um capotamento com o seu ve\u00edculo. O Sudoeste Hoje lamenta a morte do [&hellip;]<\/p>\n","protected":false},"author":2,"featured_media":115966,"comment_status":"closed","ping_status":"open","sticky":false,"template":"","format":"standard","meta":{"footnotes":"","_links_to":"","_links_to_target":""},"categories":[1],"tags":[],"class_list":["post-115964","post","type-post","status-publish","format-standard","has-post-thumbnail","hentry","category-geral"],"views":3033,"_links":{"self":[{"href":"https:\/\/www.sudoestehoje.com.br\/novoportal\/wp-json\/wp\/v2\/posts\/115964","targetHints":{"allow":["GET"]}}],"collection":[{"href":"https:\/\/www.sudoestehoje.com.br\/novoportal\/wp-json\/wp\/v2\/posts"}],"about":[{"href":"https:\/\/www.sudoestehoje.com.br\/novoportal\/wp-json\/wp\/v2\/types\/post"}],"author":[{"embeddable":true,"href":"https:\/\/www.sudoestehoje.com.br\/novoportal\/wp-json\/wp\/v2\/users\/2"}],"replies":[{"embeddable":true,"href":"https:\/\/www.sudoestehoje.com.br\/novoportal\/wp-json\/wp\/v2\/comments?post=115964"}],"version-history":[{"count":8,"href":"https:\/\/www.sudoestehoje.com.br\/novoportal\/wp-json\/wp\/v2\/posts\/115964\/revisions"}],"predecessor-version":[{"id":115973,"href":"https:\/\/www.sudoestehoje.com.br\/novoportal\/wp-json\/wp\/v2\/posts\/115964\/revisions\/115973"}],"wp:featuredmedia":[{"embeddable":true,"href":"https:\/\/www.sudoestehoje.com.br\/novoportal\/wp-json\/wp\/v2\/media\/115966"}],"wp:attachment":[{"href":"https:\/\/www.sudoestehoje.com.br\/novoportal\/wp-json\/wp\/v2\/media?parent=115964"}],"wp:term":[{"taxonomy":"category","embeddable":true,"href":"https:\/\/www.sudoestehoje.com.br\/novoportal\/wp-json\/wp\/v2\/categories?post=115964"},{"taxonomy":"post_tag","embeddable":true,"href":"https:\/\/www.sudoestehoje.com.br\/novoportal\/wp-json\/wp\/v2\/tags?post=115964"}],"curies":[{"name":"wp","href":"https:\/\/api.w.org\/{rel}","templated":true}]}}