
{"id":115948,"date":"2024-03-22T19:24:59","date_gmt":"2024-03-22T22:24:59","guid":{"rendered":"https:\/\/www.sudoestehoje.com.br\/novoportal\/?p=115948"},"modified":"2024-03-22T21:15:51","modified_gmt":"2024-03-23T00:15:51","slug":"itapetinga-alecio-chaves-deixa-nre-e-pode-integar-grupo-do-prefeito-rodrigo-hagge","status":"publish","type":"post","link":"https:\/\/www.sudoestehoje.com.br\/novoportal\/2024\/03\/22\/itapetinga-alecio-chaves-deixa-nre-e-pode-integar-grupo-do-prefeito-rodrigo-hagge\/","title":{"rendered":"ITAPETINGA | AL\u00c9CIO CHAVES DEIXA NTE-8 PARA ENFRENTAR &#8216;NOVOS DESAFIOS&#8217;"},"content":{"rendered":"<p><img loading=\"lazy\" decoding=\"async\" class=\"alignnone wp-image-115950\" src=\"https:\/\/www.sudoestehoje.com.br\/novoportal\/wp-content\/uploads\/2024\/03\/alecio-600x543.jpg\" alt=\"\" width=\"550\" height=\"498\" srcset=\"https:\/\/www.sudoestehoje.com.br\/novoportal\/wp-content\/uploads\/2024\/03\/alecio-600x543.jpg 600w, https:\/\/www.sudoestehoje.com.br\/novoportal\/wp-content\/uploads\/2024\/03\/alecio-700x634.jpg 700w, https:\/\/www.sudoestehoje.com.br\/novoportal\/wp-content\/uploads\/2024\/03\/alecio-768x695.jpg 768w, https:\/\/www.sudoestehoje.com.br\/novoportal\/wp-content\/uploads\/2024\/03\/alecio.jpg 1000w\" sizes=\"auto, (max-width: 550px) 100vw, 550px\" \/><\/p>\n<p><strong>Atrav\u00e9s de mensagem divulgada em v\u00eddeo nas redes sociais, o ex-vice-prefeito Al\u00e9cio Chaves anunciou, nesta sexta-feira (22), a sua sa\u00edda do cargo de Coordenador do N\u00facleo Regional de Educa\u00e7\u00e3o (NTE-8), desvinculando-se de qualquer cargo junto ao governo estadual.<\/strong><\/p>\n<p><strong>Na sua mensagem direta e sucinta, Al\u00e9cio Chaves faz agradecimentos aos seus antigos companheiros e ao governador, informando que a partir de agora enfrentar\u00e1 &#8220;novos desafios&#8221;, sinalizando que poder\u00e1 integrar um novo grupo pol\u00edtico.<\/strong><\/p>\n<p><strong>Nos bastidores, comenta-se que o mais importante quadro ligado ao governo do estado em Itapetinga, poder\u00e1 at\u00e9 integrar a chapa majorit\u00e1ria, ao lado de Eduardo Hagge, mas oficialmente, nada foi confirmado.<\/strong><\/p>\n<p><strong>CONFIRA V\u00cdDEO:<\/strong><\/p>\n<div style=\"width: 720px;\" class=\"wp-video\"><!--[if lt IE 9]><script>document.createElement('video');<\/script><![endif]-->\n<video class=\"wp-video-shortcode\" id=\"video-115948-1\" width=\"720\" height=\"1280\" preload=\"metadata\" controls=\"controls\"><source type=\"video\/mp4\" src=\"https:\/\/www.sudoestehoje.com.br\/novoportal\/wp-content\/uploads\/2024\/03\/WhatsApp-Video-2024-03-22-at-18.51.09.mp4?_=1\" \/><a href=\"https:\/\/www.sudoestehoje.com.br\/novoportal\/wp-content\/uploads\/2024\/03\/WhatsApp-Video-2024-03-22-at-18.51.09.mp4\">https:\/\/www.sudoestehoje.com.br\/novoportal\/wp-content\/uploads\/2024\/03\/WhatsApp-Video-2024-03-22-at-18.51.09.mp4<\/a><\/video><\/div>\n<p><strong>Por Davi Ferraz\u00a0<\/strong><\/p>\n","protected":false},"excerpt":{"rendered":"<p>Atrav\u00e9s de mensagem divulgada em v\u00eddeo nas redes sociais, o ex-vice-prefeito Al\u00e9cio Chaves anunciou, nesta sexta-feira (22), a sua sa\u00edda do cargo de Coordenador do N\u00facleo Regional de Educa\u00e7\u00e3o (NTE-8), desvinculando-se de qualquer cargo junto ao governo estadual. Na sua mensagem direta e sucinta, Al\u00e9cio Chaves faz agradecimentos aos seus antigos companheiros e ao governador, [&hellip;]<\/p>\n","protected":false},"author":2,"featured_media":115950,"comment_status":"closed","ping_status":"open","sticky":false,"template":"","format":"standard","meta":{"footnotes":"","_links_to":"","_links_to_target":""},"categories":[1],"tags":[],"class_list":["post-115948","post","type-post","status-publish","format-standard","has-post-thumbnail","hentry","category-geral"],"views":1435,"_links":{"self":[{"href":"https:\/\/www.sudoestehoje.com.br\/novoportal\/wp-json\/wp\/v2\/posts\/115948","targetHints":{"allow":["GET"]}}],"collection":[{"href":"https:\/\/www.sudoestehoje.com.br\/novoportal\/wp-json\/wp\/v2\/posts"}],"about":[{"href":"https:\/\/www.sudoestehoje.com.br\/novoportal\/wp-json\/wp\/v2\/types\/post"}],"author":[{"embeddable":true,"href":"https:\/\/www.sudoestehoje.com.br\/novoportal\/wp-json\/wp\/v2\/users\/2"}],"replies":[{"embeddable":true,"href":"https:\/\/www.sudoestehoje.com.br\/novoportal\/wp-json\/wp\/v2\/comments?post=115948"}],"version-history":[{"count":13,"href":"https:\/\/www.sudoestehoje.com.br\/novoportal\/wp-json\/wp\/v2\/posts\/115948\/revisions"}],"predecessor-version":[{"id":115963,"href":"https:\/\/www.sudoestehoje.com.br\/novoportal\/wp-json\/wp\/v2\/posts\/115948\/revisions\/115963"}],"wp:featuredmedia":[{"embeddable":true,"href":"https:\/\/www.sudoestehoje.com.br\/novoportal\/wp-json\/wp\/v2\/media\/115950"}],"wp:attachment":[{"href":"https:\/\/www.sudoestehoje.com.br\/novoportal\/wp-json\/wp\/v2\/media?parent=115948"}],"wp:term":[{"taxonomy":"category","embeddable":true,"href":"https:\/\/www.sudoestehoje.com.br\/novoportal\/wp-json\/wp\/v2\/categories?post=115948"},{"taxonomy":"post_tag","embeddable":true,"href":"https:\/\/www.sudoestehoje.com.br\/novoportal\/wp-json\/wp\/v2\/tags?post=115948"}],"curies":[{"name":"wp","href":"https:\/\/api.w.org\/{rel}","templated":true}]}}