
{"id":115908,"date":"2024-03-19T19:50:51","date_gmt":"2024-03-19T22:50:51","guid":{"rendered":"https:\/\/www.sudoestehoje.com.br\/novoportal\/?p=115908"},"modified":"2024-03-19T19:50:51","modified_gmt":"2024-03-19T22:50:51","slug":"escolta-do-vice-governador-sofre-acidente-e-pms-ficam-feridos-no-sul-da-bahia","status":"publish","type":"post","link":"https:\/\/www.sudoestehoje.com.br\/novoportal\/2024\/03\/19\/escolta-do-vice-governador-sofre-acidente-e-pms-ficam-feridos-no-sul-da-bahia\/","title":{"rendered":"ESCOLTA DO VICE-GOVERNADOR SOFRE ACIDENTE E PMs FICAM FERIDOS NO SUL DA BAHIA"},"content":{"rendered":"<p><img loading=\"lazy\" decoding=\"async\" class=\"alignnone  wp-image-115911\" src=\"https:\/\/www.sudoestehoje.com.br\/novoportal\/wp-content\/uploads\/2024\/03\/WhatsApp-Image-2024-03-19-at-16.58.33-600x351.jpeg\" alt=\"\" width=\"549\" height=\"321\" srcset=\"https:\/\/www.sudoestehoje.com.br\/novoportal\/wp-content\/uploads\/2024\/03\/WhatsApp-Image-2024-03-19-at-16.58.33-600x351.jpeg 600w, https:\/\/www.sudoestehoje.com.br\/novoportal\/wp-content\/uploads\/2024\/03\/WhatsApp-Image-2024-03-19-at-16.58.33-700x409.jpeg 700w, https:\/\/www.sudoestehoje.com.br\/novoportal\/wp-content\/uploads\/2024\/03\/WhatsApp-Image-2024-03-19-at-16.58.33.jpeg 724w\" sizes=\"auto, (max-width: 549px) 100vw, 549px\" \/><\/p>\n<p><strong>Dois policiais militares ficaram feridos ap\u00f3s a colis\u00e3o entre a moto em que estavam e um carro de passeio, nesta ter\u00e7a-feira (19), em Ipia\u00fa, no sul da Bahia. No momento do acidente, eles integravam a escolta do vice-governador Geraldo J\u00fanior (MDB), que viajava para a cidade de Ibirataia.<\/strong><\/p>\n<p><strong>Segundo a Pol\u00edcia Militar, um carro prata, que transitava na contram\u00e3o da via, bateu na motocicleta da corpora\u00e7\u00e3o, ocasionando o acidente. A dupla foi socorrida e levada o para o Hospital Geral Prado Valares, em Jequi\u00e9.<\/strong><\/p>\n<p><strong>A corpora\u00e7\u00e3o informou que a 55\u00aa Companhia Independente da Pol\u00edcia Militar (CIPM), unidade onde os PMs s\u00e3o lotados, acompanha o estado de sa\u00fade dos militares. N\u00e3o h\u00e1 risco de morte.<\/strong><\/p>\n<p><strong>O motorista do carro foi encaminhado para a delegacia de Ipia\u00fa. N\u00e3o h\u00e1 detalhes se ele foi liberado ou ficou preso na unidade.<\/strong><\/p>\n<p><strong>Geraldo J\u00fanior estava a caminho de Ibirataia para participar das celebra\u00e7\u00f5es de S\u00e3o Jos\u00e9, padroeiro da cidade sul-baiana.<\/strong><\/p>\n","protected":false},"excerpt":{"rendered":"<p>Dois policiais militares ficaram feridos ap\u00f3s a colis\u00e3o entre a moto em que estavam e um carro de passeio, nesta ter\u00e7a-feira (19), em Ipia\u00fa, no sul da Bahia. No momento do acidente, eles integravam a escolta do vice-governador Geraldo J\u00fanior (MDB), que viajava para a cidade de Ibirataia. Segundo a Pol\u00edcia Militar, um carro prata, [&hellip;]<\/p>\n","protected":false},"author":2,"featured_media":115911,"comment_status":"closed","ping_status":"open","sticky":false,"template":"","format":"standard","meta":{"footnotes":"","_links_to":"","_links_to_target":""},"categories":[1],"tags":[],"class_list":["post-115908","post","type-post","status-publish","format-standard","has-post-thumbnail","hentry","category-geral"],"views":612,"_links":{"self":[{"href":"https:\/\/www.sudoestehoje.com.br\/novoportal\/wp-json\/wp\/v2\/posts\/115908","targetHints":{"allow":["GET"]}}],"collection":[{"href":"https:\/\/www.sudoestehoje.com.br\/novoportal\/wp-json\/wp\/v2\/posts"}],"about":[{"href":"https:\/\/www.sudoestehoje.com.br\/novoportal\/wp-json\/wp\/v2\/types\/post"}],"author":[{"embeddable":true,"href":"https:\/\/www.sudoestehoje.com.br\/novoportal\/wp-json\/wp\/v2\/users\/2"}],"replies":[{"embeddable":true,"href":"https:\/\/www.sudoestehoje.com.br\/novoportal\/wp-json\/wp\/v2\/comments?post=115908"}],"version-history":[{"count":2,"href":"https:\/\/www.sudoestehoje.com.br\/novoportal\/wp-json\/wp\/v2\/posts\/115908\/revisions"}],"predecessor-version":[{"id":115912,"href":"https:\/\/www.sudoestehoje.com.br\/novoportal\/wp-json\/wp\/v2\/posts\/115908\/revisions\/115912"}],"wp:featuredmedia":[{"embeddable":true,"href":"https:\/\/www.sudoestehoje.com.br\/novoportal\/wp-json\/wp\/v2\/media\/115911"}],"wp:attachment":[{"href":"https:\/\/www.sudoestehoje.com.br\/novoportal\/wp-json\/wp\/v2\/media?parent=115908"}],"wp:term":[{"taxonomy":"category","embeddable":true,"href":"https:\/\/www.sudoestehoje.com.br\/novoportal\/wp-json\/wp\/v2\/categories?post=115908"},{"taxonomy":"post_tag","embeddable":true,"href":"https:\/\/www.sudoestehoje.com.br\/novoportal\/wp-json\/wp\/v2\/tags?post=115908"}],"curies":[{"name":"wp","href":"https:\/\/api.w.org\/{rel}","templated":true}]}}