
{"id":115893,"date":"2024-03-18T19:18:55","date_gmt":"2024-03-18T22:18:55","guid":{"rendered":"https:\/\/www.sudoestehoje.com.br\/novoportal\/?p=115893"},"modified":"2024-03-18T19:18:55","modified_gmt":"2024-03-18T22:18:55","slug":"festival-de-inverno-bahia-iniciou-vendas-de-lote-promocional-a-partir-desta-segunda","status":"publish","type":"post","link":"https:\/\/www.sudoestehoje.com.br\/novoportal\/2024\/03\/18\/festival-de-inverno-bahia-iniciou-vendas-de-lote-promocional-a-partir-desta-segunda\/","title":{"rendered":"FESTIVAL DE INVERNO BAHIA INICIOU VENDAS DE LOTE PROMOCIONAL A PARTIR DESTA SEGUNDA"},"content":{"rendered":"<p><img loading=\"lazy\" decoding=\"async\" class=\"alignnone  wp-image-115899\" src=\"https:\/\/www.sudoestehoje.com.br\/novoportal\/wp-content\/uploads\/2024\/03\/unnamed-600x316.jpg\" alt=\"\" width=\"551\" height=\"290\" srcset=\"https:\/\/www.sudoestehoje.com.br\/novoportal\/wp-content\/uploads\/2024\/03\/unnamed-600x316.jpg 600w, https:\/\/www.sudoestehoje.com.br\/novoportal\/wp-content\/uploads\/2024\/03\/unnamed-700x369.jpg 700w, https:\/\/www.sudoestehoje.com.br\/novoportal\/wp-content\/uploads\/2024\/03\/unnamed-768x405.jpg 768w, https:\/\/www.sudoestehoje.com.br\/novoportal\/wp-content\/uploads\/2024\/03\/unnamed.jpg 1280w\" sizes=\"auto, (max-width: 551px) 100vw, 551px\" \/><\/p>\n<p><strong>Muito mais m\u00fasica! \u00c9 com essa provoca\u00e7\u00e3o que o Festival de Inverno Bahia (FIB) chega \u00e0 sua maioridade mostrando toda sua intensidade. O evento, que acontece de 23 a 25 de agosto de 2024, em Vit\u00f3ria da Conquista, anunciou nesta segunda a abertura das vendas e o p\u00fablico pode garantir seu ingresso a pre\u00e7o promocional at\u00e9 quarta-feira (21) ou at\u00e9 quando durar o lote.<\/strong><\/p>\n<p><strong>Para a edi\u00e7\u00e3o deste ano, o evento promete muitas novidades que ser\u00e3o anunciadas em breve. No<em>\u00a0lineup<\/em>, a banda Filhos de Jorge \u00e9 uma das atra\u00e7\u00f5es confirmadas que foi escolhida a voto popular, no ano passado. Confira os valores do lote promocional que j\u00e1 est\u00e1 dispon\u00edvel:<\/strong><\/p>\n<p><strong>Pista &#8211; R$130 (inteira) e R$65 (meia)<\/strong><\/p>\n<p><strong>Camarote &#8211; R$170<\/strong><\/p>\n<p><strong>Passaporte &#8211; R$351 (inteira) e R$176 (meia) &#8211; pista;\u00a0R$459- Camarote<\/strong><\/p>\n<p><strong>Os ingressos podem ser adquiridas na sympla ou nos pontos de venda fixos, em Vit\u00f3ria da Conquista: Boulevard Shopping (loja DMK DUO), Central de Ingressos (Shopping Conquista Sul e Galeria Panvicon), Banca Central (Pra\u00e7a Bar\u00e3o do Rio Branco), Loja Taco (Av. Ol\u00edvia Flores, 686).<\/strong><\/p>\n<p><strong>A produ\u00e7\u00e3o do Festival de Inverno Bahia \u00e9 assinada pela Bahia Eventos, empresa de entretenimento da Rede Bahia, em parceria com a TV Sudoeste.<\/strong><\/p>\n<p><strong>SERVI\u00c7O<\/strong><\/p>\n<p><strong>Festival de Inverno Bahia 2024<\/strong><\/p>\n<p><strong>Quando:\u00a023 a 25\/08\/2024<\/strong><\/p>\n<p><strong>Onde:\u00a0Parque de Exposi\u00e7\u00f5es Teopompo de Almeida, em Vit\u00f3ria da Conquista &#8211; BA<\/strong><\/p>\n<p><strong>Classifica\u00e7\u00e3o:\u00a016 anos<\/strong><\/p>\n<p><strong>Meia-entrada:\u00a0Al\u00e9m de estudantes, outros segmentos t\u00eam direito \u00e0 meia-entrada, segundo a lei 12.933\/2013. Em ambos os casos, \u00e9 obrigat\u00f3ria a apresenta\u00e7\u00e3o de documentos comprobat\u00f3rios. Para mais informa\u00e7\u00f5es, acesse<a href=\"https:\/\/bileto.sympla.com.br\/meia-entrada\/bahia.html\">\u00a0https:\/\/bileto.sympla.com.br\/meia-entrada\/bahia.html<\/a><\/strong><\/p>\n<p><strong>Vendas:<\/strong><\/p>\n<p><strong>Plataforma Sympla e nos seguintes pontos fixos:<\/strong><\/p>\n<p><strong>Vit\u00f3ria da Conquista: Boulevard Shopping (loja DMK DUO), Central de Ingressos (Shopping Conquista Sul e Galeria Panvicon), Banca Central (Pra\u00e7a Bar\u00e3o do Rio Branco), Loja Taco (Av. Ol\u00edvia Flores, 686).<\/strong><\/p>\n","protected":false},"excerpt":{"rendered":"<p>Muito mais m\u00fasica! \u00c9 com essa provoca\u00e7\u00e3o que o Festival de Inverno Bahia (FIB) chega \u00e0 sua maioridade mostrando toda sua intensidade. O evento, que acontece de 23 a 25 de agosto de 2024, em Vit\u00f3ria da Conquista, anunciou nesta segunda a abertura das vendas e o p\u00fablico pode garantir seu ingresso a pre\u00e7o promocional [&hellip;]<\/p>\n","protected":false},"author":2,"featured_media":115899,"comment_status":"closed","ping_status":"open","sticky":false,"template":"","format":"standard","meta":{"footnotes":"","_links_to":"","_links_to_target":""},"categories":[1],"tags":[],"class_list":["post-115893","post","type-post","status-publish","format-standard","has-post-thumbnail","hentry","category-geral"],"views":585,"_links":{"self":[{"href":"https:\/\/www.sudoestehoje.com.br\/novoportal\/wp-json\/wp\/v2\/posts\/115893","targetHints":{"allow":["GET"]}}],"collection":[{"href":"https:\/\/www.sudoestehoje.com.br\/novoportal\/wp-json\/wp\/v2\/posts"}],"about":[{"href":"https:\/\/www.sudoestehoje.com.br\/novoportal\/wp-json\/wp\/v2\/types\/post"}],"author":[{"embeddable":true,"href":"https:\/\/www.sudoestehoje.com.br\/novoportal\/wp-json\/wp\/v2\/users\/2"}],"replies":[{"embeddable":true,"href":"https:\/\/www.sudoestehoje.com.br\/novoportal\/wp-json\/wp\/v2\/comments?post=115893"}],"version-history":[{"count":7,"href":"https:\/\/www.sudoestehoje.com.br\/novoportal\/wp-json\/wp\/v2\/posts\/115893\/revisions"}],"predecessor-version":[{"id":115901,"href":"https:\/\/www.sudoestehoje.com.br\/novoportal\/wp-json\/wp\/v2\/posts\/115893\/revisions\/115901"}],"wp:featuredmedia":[{"embeddable":true,"href":"https:\/\/www.sudoestehoje.com.br\/novoportal\/wp-json\/wp\/v2\/media\/115899"}],"wp:attachment":[{"href":"https:\/\/www.sudoestehoje.com.br\/novoportal\/wp-json\/wp\/v2\/media?parent=115893"}],"wp:term":[{"taxonomy":"category","embeddable":true,"href":"https:\/\/www.sudoestehoje.com.br\/novoportal\/wp-json\/wp\/v2\/categories?post=115893"},{"taxonomy":"post_tag","embeddable":true,"href":"https:\/\/www.sudoestehoje.com.br\/novoportal\/wp-json\/wp\/v2\/tags?post=115893"}],"curies":[{"name":"wp","href":"https:\/\/api.w.org\/{rel}","templated":true}]}}