
{"id":115885,"date":"2024-03-18T17:18:09","date_gmt":"2024-03-18T20:18:09","guid":{"rendered":"https:\/\/www.sudoestehoje.com.br\/novoportal\/?p=115885"},"modified":"2024-03-18T17:46:48","modified_gmt":"2024-03-18T20:46:48","slug":"reviravolta-governador-isola-cida-moura-e-apoia-candidatura-petista-de-joao-de-deus-a-prefeito","status":"publish","type":"post","link":"https:\/\/www.sudoestehoje.com.br\/novoportal\/2024\/03\/18\/reviravolta-governador-isola-cida-moura-e-apoia-candidatura-petista-de-joao-de-deus-a-prefeito\/","title":{"rendered":"REVIRAVOLTA | GOVERNADOR ISOLA CIDA MOURA E APOIA CANDIDATURA PETISTA DE JO\u00c3O DE DEUS A PREFEITO"},"content":{"rendered":"<p><img loading=\"lazy\" decoding=\"async\" class=\"alignnone wp-image-115887\" src=\"https:\/\/www.sudoestehoje.com.br\/novoportal\/wp-content\/uploads\/2024\/03\/WhatsApp-Image-2024-03-18-at-17.13.54-600x380.jpeg\" alt=\"\" width=\"549\" height=\"348\" srcset=\"https:\/\/www.sudoestehoje.com.br\/novoportal\/wp-content\/uploads\/2024\/03\/WhatsApp-Image-2024-03-18-at-17.13.54-600x380.jpeg 600w, https:\/\/www.sudoestehoje.com.br\/novoportal\/wp-content\/uploads\/2024\/03\/WhatsApp-Image-2024-03-18-at-17.13.54-700x444.jpeg 700w, https:\/\/www.sudoestehoje.com.br\/novoportal\/wp-content\/uploads\/2024\/03\/WhatsApp-Image-2024-03-18-at-17.13.54-768x487.jpeg 768w, https:\/\/www.sudoestehoje.com.br\/novoportal\/wp-content\/uploads\/2024\/03\/WhatsApp-Image-2024-03-18-at-17.13.54.jpeg 1079w\" sizes=\"auto, (max-width: 549px) 100vw, 549px\" \/><\/p>\n<p><strong>Uma reviravolta espetacular acaba de acontecer na sucess\u00e3o municipal de Itapetinga, com o governador Jer\u00f4nimo isolando a fazendeira Cida Moura, pr\u00e9-candidata do PSD a prefeita de Itapetinga, e apoiando a pr\u00e9-candidatura do rec\u00e9m filiado ao PT, Jo\u00e3o de Deus, dissidente do MDB.<\/strong><\/p>\n<p><strong>O lan\u00e7amento da pr\u00e9-candidatura de Jo\u00e3o de Deus a prefeito pelo PT, aconteceu , em Salvador, no momento em que as articula\u00e7\u00f5es levavam a crer que ele seria o vice na chapa de Cida Moura, mas o quadro evoluiu e o deputado Rosemberg articulou a candidatura do presidente da c\u00e2mara, pelo pr\u00f3prio PT.<\/strong><\/p>\n<p><img loading=\"lazy\" decoding=\"async\" class=\"alignnone wp-image-115888\" src=\"https:\/\/www.sudoestehoje.com.br\/novoportal\/wp-content\/uploads\/2024\/03\/WhatsApp-Image-2024-03-18-at-17.14.25-600x751.jpeg\" alt=\"\" width=\"549\" height=\"687\" srcset=\"https:\/\/www.sudoestehoje.com.br\/novoportal\/wp-content\/uploads\/2024\/03\/WhatsApp-Image-2024-03-18-at-17.14.25-600x751.jpeg 600w, https:\/\/www.sudoestehoje.com.br\/novoportal\/wp-content\/uploads\/2024\/03\/WhatsApp-Image-2024-03-18-at-17.14.25-700x876.jpeg 700w, https:\/\/www.sudoestehoje.com.br\/novoportal\/wp-content\/uploads\/2024\/03\/WhatsApp-Image-2024-03-18-at-17.14.25-768x961.jpeg 768w, https:\/\/www.sudoestehoje.com.br\/novoportal\/wp-content\/uploads\/2024\/03\/WhatsApp-Image-2024-03-18-at-17.14.25.jpeg 1080w\" sizes=\"auto, (max-width: 549px) 100vw, 549px\" \/><\/p>\n<p><strong><em>&#8220;Rosemberg fez de tudo para que Cida Moura se filiasse ao PT, mas ela descartou qualquer possibilidade de integrar o partido do governador para tentar agradar o segmento do agroneg\u00f3cio, induzida por seu genro, o ex-secret\u00e1rio de agricultura Lucas Costa&#8221;<\/em>, revelou um influente petista ligado ao deputado Rosemberg Pinto.<\/strong><\/p>\n<p><strong>No lan\u00e7amento, estiveram presentes o governador Jer\u00f4nimo, o deputado federal Ant\u00f4nio Brito (PSC) e o deputado estadual Rosemberg Pinto, articulador da reviravolta que isolou Cida Moura.<\/strong><\/p>\n<p><strong>Com o apoio do governo a Jo\u00e3o de Deus, a oposi\u00e7\u00e3o ao prefeito Rodrigo Hagge passa a ter tr\u00eas candidaturas a prefeito: Cida Moura (PSD), Jo\u00e3o de Deus (PT) e Alfredo Cabral (sem partido).\u00a0<\/strong><\/p>\n<p><strong>Por Davi Ferraz\u00a0<\/strong><\/p>\n","protected":false},"excerpt":{"rendered":"<p>Uma reviravolta espetacular acaba de acontecer na sucess\u00e3o municipal de Itapetinga, com o governador Jer\u00f4nimo isolando a fazendeira Cida Moura, pr\u00e9-candidata do PSD a prefeita de Itapetinga, e apoiando a pr\u00e9-candidatura do rec\u00e9m filiado ao PT, Jo\u00e3o de Deus, dissidente do MDB. O lan\u00e7amento da pr\u00e9-candidatura de Jo\u00e3o de Deus a prefeito pelo PT, aconteceu [&hellip;]<\/p>\n","protected":false},"author":2,"featured_media":115887,"comment_status":"closed","ping_status":"open","sticky":false,"template":"","format":"standard","meta":{"footnotes":"","_links_to":"","_links_to_target":""},"categories":[1],"tags":[],"class_list":["post-115885","post","type-post","status-publish","format-standard","has-post-thumbnail","hentry","category-geral"],"views":2205,"_links":{"self":[{"href":"https:\/\/www.sudoestehoje.com.br\/novoportal\/wp-json\/wp\/v2\/posts\/115885","targetHints":{"allow":["GET"]}}],"collection":[{"href":"https:\/\/www.sudoestehoje.com.br\/novoportal\/wp-json\/wp\/v2\/posts"}],"about":[{"href":"https:\/\/www.sudoestehoje.com.br\/novoportal\/wp-json\/wp\/v2\/types\/post"}],"author":[{"embeddable":true,"href":"https:\/\/www.sudoestehoje.com.br\/novoportal\/wp-json\/wp\/v2\/users\/2"}],"replies":[{"embeddable":true,"href":"https:\/\/www.sudoestehoje.com.br\/novoportal\/wp-json\/wp\/v2\/comments?post=115885"}],"version-history":[{"count":3,"href":"https:\/\/www.sudoestehoje.com.br\/novoportal\/wp-json\/wp\/v2\/posts\/115885\/revisions"}],"predecessor-version":[{"id":115892,"href":"https:\/\/www.sudoestehoje.com.br\/novoportal\/wp-json\/wp\/v2\/posts\/115885\/revisions\/115892"}],"wp:featuredmedia":[{"embeddable":true,"href":"https:\/\/www.sudoestehoje.com.br\/novoportal\/wp-json\/wp\/v2\/media\/115887"}],"wp:attachment":[{"href":"https:\/\/www.sudoestehoje.com.br\/novoportal\/wp-json\/wp\/v2\/media?parent=115885"}],"wp:term":[{"taxonomy":"category","embeddable":true,"href":"https:\/\/www.sudoestehoje.com.br\/novoportal\/wp-json\/wp\/v2\/categories?post=115885"},{"taxonomy":"post_tag","embeddable":true,"href":"https:\/\/www.sudoestehoje.com.br\/novoportal\/wp-json\/wp\/v2\/tags?post=115885"}],"curies":[{"name":"wp","href":"https:\/\/api.w.org\/{rel}","templated":true}]}}