
{"id":115878,"date":"2024-03-18T11:23:16","date_gmt":"2024-03-18T14:23:16","guid":{"rendered":"https:\/\/www.sudoestehoje.com.br\/novoportal\/?p=115878"},"modified":"2024-03-18T16:49:21","modified_gmt":"2024-03-18T19:49:21","slug":"alfredo-cabral-organiza-novo-partido-e-deve-sair-com-candidatura-independente","status":"publish","type":"post","link":"https:\/\/www.sudoestehoje.com.br\/novoportal\/2024\/03\/18\/alfredo-cabral-organiza-novo-partido-e-deve-sair-com-candidatura-independente\/","title":{"rendered":"ALFREDO CABRAL ORGANIZA NOVO PARTIDO E DEVE SAIR COM CANDIDATURA INDEPENDENTE"},"content":{"rendered":"\r\n<p><img loading=\"lazy\" decoding=\"async\" class=\"alignnone  wp-image-115880\" src=\"https:\/\/www.sudoestehoje.com.br\/novoportal\/wp-content\/uploads\/2024\/03\/4ff22284-78d6-4db3-bbe6-599fe6a475e6-600x597.jpg\" alt=\"\" width=\"550\" height=\"547\" srcset=\"https:\/\/www.sudoestehoje.com.br\/novoportal\/wp-content\/uploads\/2024\/03\/4ff22284-78d6-4db3-bbe6-599fe6a475e6-600x597.jpg 600w, https:\/\/www.sudoestehoje.com.br\/novoportal\/wp-content\/uploads\/2024\/03\/4ff22284-78d6-4db3-bbe6-599fe6a475e6-700x697.jpg 700w, https:\/\/www.sudoestehoje.com.br\/novoportal\/wp-content\/uploads\/2024\/03\/4ff22284-78d6-4db3-bbe6-599fe6a475e6-150x150.jpg 150w, https:\/\/www.sudoestehoje.com.br\/novoportal\/wp-content\/uploads\/2024\/03\/4ff22284-78d6-4db3-bbe6-599fe6a475e6-768x764.jpg 768w, https:\/\/www.sudoestehoje.com.br\/novoportal\/wp-content\/uploads\/2024\/03\/4ff22284-78d6-4db3-bbe6-599fe6a475e6.jpg 1079w\" sizes=\"auto, (max-width: 550px) 100vw, 550px\" \/><\/p>\r\n\r\n\r\n\r\n<p><strong>Quem jogou imaginando que o ex-vereador Alfredo Cabral ficaria fora do p\u00e1reo ap\u00f3s perder o comando do PSD para o grupo de Cida Moura,\u00a0 pode perder a aposta e se surpreender com o f\u00f4lego do atuante e articulado pol\u00edtico.<\/strong><\/p>\r\n<p><strong>\r\n\r\n<\/strong><\/p>\r\n<p><strong>Alfredo continua de p\u00e9\u00a0 e j\u00e1 organiza um novo partido, usando a base do PSD, para disputar o cargo de prefeito, atrav\u00e9s de uma candidatura independente na disputa municipal.<\/strong><\/p>\r\n<p><strong>\r\n\r\n<\/strong><\/p>\r\n<p><strong>Ao Sudoeste Hoje, Alfredo afirmou: <em>&#8220;Temos um compromisso com a nossa base e n\u00e3o vamos desistir. Estamos pegando o comando de uma nova sigla que acomodar\u00e1 nossos pr\u00e9-candidatos a vereador, que pediram desfilia\u00e7ao em massa do PSD. Tomaram a sigla do PSD, mas toda a base continua conosco e seguiremos em frente com a nossa pr\u00e9-candidatura a prefeito e uma boa chapa na proporcional&#8221;<\/em>.<\/strong><\/p>\r\n<p><strong>\r\n\r\n<\/strong><\/p>\r\n<p><strong>O nome do novo partido ainda n\u00e3o foi divulgado, mas dever\u00e1 ser da base governista, segundo Alfredo.<em> &#8220;Somos da base do governador, mas isto n\u00e3o nos obriga a aderir \u00e0 candidatura de ningu\u00e9m. Vamos at\u00e9 o fim da disputa, em 6 de outubro&#8221;<\/em>, afirmou.<\/strong><\/p>\r\n<p><strong>\r\n\r\n<\/strong><\/p>\r\n<p><strong>Alfredo sabe o <em>&#8216;pulo do gato&#8217;<\/em> e antes de entregar o PSD ao grupo de Cida Moura, cuidou de &#8216;raspar o tacho&#8217;.<\/strong><\/p>\r\n<p><strong>\r\n\r\n<\/strong><\/p>\r\n<p><strong>Por Davi Ferraz<\/strong><\/p>\r\n","protected":false},"excerpt":{"rendered":"<p>Quem jogou imaginando que o ex-vereador Alfredo Cabral ficaria fora do p\u00e1reo ap\u00f3s perder o comando do PSD para o grupo de Cida Moura,\u00a0 pode perder a aposta e se surpreender com o f\u00f4lego do atuante e articulado pol\u00edtico. Alfredo continua de p\u00e9\u00a0 e j\u00e1 organiza um novo partido, usando a base do PSD, para [&hellip;]<\/p>\n","protected":false},"author":2,"featured_media":115880,"comment_status":"closed","ping_status":"open","sticky":false,"template":"","format":"standard","meta":{"footnotes":"","_links_to":"","_links_to_target":""},"categories":[1],"tags":[],"class_list":["post-115878","post","type-post","status-publish","format-standard","has-post-thumbnail","hentry","category-geral"],"views":705,"_links":{"self":[{"href":"https:\/\/www.sudoestehoje.com.br\/novoportal\/wp-json\/wp\/v2\/posts\/115878","targetHints":{"allow":["GET"]}}],"collection":[{"href":"https:\/\/www.sudoestehoje.com.br\/novoportal\/wp-json\/wp\/v2\/posts"}],"about":[{"href":"https:\/\/www.sudoestehoje.com.br\/novoportal\/wp-json\/wp\/v2\/types\/post"}],"author":[{"embeddable":true,"href":"https:\/\/www.sudoestehoje.com.br\/novoportal\/wp-json\/wp\/v2\/users\/2"}],"replies":[{"embeddable":true,"href":"https:\/\/www.sudoestehoje.com.br\/novoportal\/wp-json\/wp\/v2\/comments?post=115878"}],"version-history":[{"count":5,"href":"https:\/\/www.sudoestehoje.com.br\/novoportal\/wp-json\/wp\/v2\/posts\/115878\/revisions"}],"predecessor-version":[{"id":115884,"href":"https:\/\/www.sudoestehoje.com.br\/novoportal\/wp-json\/wp\/v2\/posts\/115878\/revisions\/115884"}],"wp:featuredmedia":[{"embeddable":true,"href":"https:\/\/www.sudoestehoje.com.br\/novoportal\/wp-json\/wp\/v2\/media\/115880"}],"wp:attachment":[{"href":"https:\/\/www.sudoestehoje.com.br\/novoportal\/wp-json\/wp\/v2\/media?parent=115878"}],"wp:term":[{"taxonomy":"category","embeddable":true,"href":"https:\/\/www.sudoestehoje.com.br\/novoportal\/wp-json\/wp\/v2\/categories?post=115878"},{"taxonomy":"post_tag","embeddable":true,"href":"https:\/\/www.sudoestehoje.com.br\/novoportal\/wp-json\/wp\/v2\/tags?post=115878"}],"curies":[{"name":"wp","href":"https:\/\/api.w.org\/{rel}","templated":true}]}}