
{"id":115852,"date":"2024-03-16T08:24:28","date_gmt":"2024-03-16T11:24:28","guid":{"rendered":"https:\/\/www.sudoestehoje.com.br\/novoportal\/?p=115852"},"modified":"2024-03-16T18:37:02","modified_gmt":"2024-03-16T21:37:02","slug":"itapetinga-renan-pereira-retira-pre-candidatura-e-grupo-de-ze-otavia-apoia-eduardo-hagge","status":"publish","type":"post","link":"https:\/\/www.sudoestehoje.com.br\/novoportal\/2024\/03\/16\/itapetinga-renan-pereira-retira-pre-candidatura-e-grupo-de-ze-otavia-apoia-eduardo-hagge\/","title":{"rendered":"ITAPETINGA: RENAN PEREIRA RETIRA PR\u00c9-CANDIDATURA E GRUPO DE Z\u00c9 OTAVIO APOIA EDUARDO HAGGE"},"content":{"rendered":"\r\n<p><img loading=\"lazy\" decoding=\"async\" class=\"alignnone  wp-image-115854\" src=\"https:\/\/www.sudoestehoje.com.br\/novoportal\/wp-content\/uploads\/2024\/03\/4ec6c8fa-55ad-4637-8197-c5ac828a5bd0-600x338.jpg\" alt=\"\" width=\"549\" height=\"309\" srcset=\"https:\/\/www.sudoestehoje.com.br\/novoportal\/wp-content\/uploads\/2024\/03\/4ec6c8fa-55ad-4637-8197-c5ac828a5bd0-600x338.jpg 600w, https:\/\/www.sudoestehoje.com.br\/novoportal\/wp-content\/uploads\/2024\/03\/4ec6c8fa-55ad-4637-8197-c5ac828a5bd0-700x394.jpg 700w, https:\/\/www.sudoestehoje.com.br\/novoportal\/wp-content\/uploads\/2024\/03\/4ec6c8fa-55ad-4637-8197-c5ac828a5bd0-768x432.jpg 768w, https:\/\/www.sudoestehoje.com.br\/novoportal\/wp-content\/uploads\/2024\/03\/4ec6c8fa-55ad-4637-8197-c5ac828a5bd0.jpg 960w\" sizes=\"auto, (max-width: 549px) 100vw, 549px\" \/><\/p>\r\n<p><strong>Na noite desta sexta-feira (16), o diret\u00f3rio do Uni\u00e3o Brasil, comandado pelo ex-prefeito Dr. Jos\u00e9 Ot\u00e1vio Curvelo, se reuniu no plen\u00e1rio da C\u00e2mara Municipal de Itapetinga para deliberar sobre o seu posicionamento nas elei\u00e7\u00f5es municipais de outubro deste ano.<\/strong><\/p>\r\n<p><strong>\r\n\r\n<\/strong><\/p>\r\n<p><strong>No encontro, ficou acordado a manuten\u00e7\u00e3o da alian\u00e7a com o MDB, com apoio \u00e0 pr\u00e9-candidatura do veterin\u00e1rio Eduardo Hagge e a retirada da pr\u00e9-candidatura do pecuarista Renan Pereira.<\/strong><\/p>\r\n<p><strong>\r\n\r\n<\/strong><\/p>\r\n<p><strong>O novo presidente da executiva municipal, Felizd\u00eanio Xavier, continua no governo do prefeito Rodrigo Hagge, no cargo de secret\u00e1rio do Desenvolvimento Econ\u00f4mico, al\u00e9m de outros membros do UD que tamb\u00e9m integram a gest\u00e3o de Rodrigo, desde a forma\u00e7\u00e3o da alian\u00e7a constru\u00edda em 2016.<\/strong><\/p>\r\n<p><strong>\r\n\r\n<\/strong><\/p>\r\n<p><strong>Davi Ferraz<\/strong><\/p>\r\n","protected":false},"excerpt":{"rendered":"<p>Na noite desta sexta-feira (16), o diret\u00f3rio do Uni\u00e3o Brasil, comandado pelo ex-prefeito Dr. Jos\u00e9 Ot\u00e1vio Curvelo, se reuniu no plen\u00e1rio da C\u00e2mara Municipal de Itapetinga para deliberar sobre o seu posicionamento nas elei\u00e7\u00f5es municipais de outubro deste ano. No encontro, ficou acordado a manuten\u00e7\u00e3o da alian\u00e7a com o MDB, com apoio \u00e0 pr\u00e9-candidatura do [&hellip;]<\/p>\n","protected":false},"author":2,"featured_media":115854,"comment_status":"closed","ping_status":"open","sticky":false,"template":"","format":"standard","meta":{"footnotes":"","_links_to":"","_links_to_target":""},"categories":[1],"tags":[],"class_list":["post-115852","post","type-post","status-publish","format-standard","has-post-thumbnail","hentry","category-geral"],"views":500,"_links":{"self":[{"href":"https:\/\/www.sudoestehoje.com.br\/novoportal\/wp-json\/wp\/v2\/posts\/115852","targetHints":{"allow":["GET"]}}],"collection":[{"href":"https:\/\/www.sudoestehoje.com.br\/novoportal\/wp-json\/wp\/v2\/posts"}],"about":[{"href":"https:\/\/www.sudoestehoje.com.br\/novoportal\/wp-json\/wp\/v2\/types\/post"}],"author":[{"embeddable":true,"href":"https:\/\/www.sudoestehoje.com.br\/novoportal\/wp-json\/wp\/v2\/users\/2"}],"replies":[{"embeddable":true,"href":"https:\/\/www.sudoestehoje.com.br\/novoportal\/wp-json\/wp\/v2\/comments?post=115852"}],"version-history":[{"count":7,"href":"https:\/\/www.sudoestehoje.com.br\/novoportal\/wp-json\/wp\/v2\/posts\/115852\/revisions"}],"predecessor-version":[{"id":115862,"href":"https:\/\/www.sudoestehoje.com.br\/novoportal\/wp-json\/wp\/v2\/posts\/115852\/revisions\/115862"}],"wp:featuredmedia":[{"embeddable":true,"href":"https:\/\/www.sudoestehoje.com.br\/novoportal\/wp-json\/wp\/v2\/media\/115854"}],"wp:attachment":[{"href":"https:\/\/www.sudoestehoje.com.br\/novoportal\/wp-json\/wp\/v2\/media?parent=115852"}],"wp:term":[{"taxonomy":"category","embeddable":true,"href":"https:\/\/www.sudoestehoje.com.br\/novoportal\/wp-json\/wp\/v2\/categories?post=115852"},{"taxonomy":"post_tag","embeddable":true,"href":"https:\/\/www.sudoestehoje.com.br\/novoportal\/wp-json\/wp\/v2\/tags?post=115852"}],"curies":[{"name":"wp","href":"https:\/\/api.w.org\/{rel}","templated":true}]}}