
{"id":115809,"date":"2024-03-14T19:30:04","date_gmt":"2024-03-14T22:30:04","guid":{"rendered":"https:\/\/www.sudoestehoje.com.br\/novoportal\/?p=115809"},"modified":"2024-03-14T22:56:49","modified_gmt":"2024-03-15T01:56:49","slug":"urgente-insatisfeito-alecio-chaves-pede-desfiliacao-do-psd","status":"publish","type":"post","link":"https:\/\/www.sudoestehoje.com.br\/novoportal\/2024\/03\/14\/urgente-insatisfeito-alecio-chaves-pede-desfiliacao-do-psd\/","title":{"rendered":"URGENTE | INSATISFEITO, EX-VICE ALECIO CHAVES PEDE DESFILIA\u00c7AO DO PSD"},"content":{"rendered":"\r\n\r\n\r\n\r\n\r\n<p><img loading=\"lazy\" decoding=\"async\" class=\"alignnone  wp-image-115811\" src=\"https:\/\/www.sudoestehoje.com.br\/novoportal\/wp-content\/uploads\/2024\/03\/img-20240314-wa00485429620271084285267-700x971-1-600x549.jpg\" alt=\"\" width=\"550\" height=\"503\" srcset=\"https:\/\/www.sudoestehoje.com.br\/novoportal\/wp-content\/uploads\/2024\/03\/img-20240314-wa00485429620271084285267-700x971-1-600x549.jpg 600w, https:\/\/www.sudoestehoje.com.br\/novoportal\/wp-content\/uploads\/2024\/03\/img-20240314-wa00485429620271084285267-700x971-1.jpg 700w\" sizes=\"auto, (max-width: 550px) 100vw, 550px\" \/><\/p>\r\n<p><strong>Depois da sa\u00edda\u00a0 de Alfredo Cabral do comando do PSD, mais uma lideran\u00e7a importante pede desfilia\u00e7ao do partido, complicando ainda mais o grupo da pr\u00e9-candidata Cida Moura, que est\u00e1 em ebuli\u00e7\u00e3o.<\/strong><\/p>\r\n<p><strong>\r\n\r\n<\/strong><\/p>\r\n<p><strong>Demonstrando insatisfa\u00e7\u00e3o com a sequ\u00eancia de atos desastrosos perpetrados por preposto da pre-candidata governista, o ex-vice-prefeito Alecio Caves encaminhou sua desfilia\u00e7ao na tarde desta quinta, mas ainda n\u00e3o revelou o seu destino pol\u00edtico.<\/strong><\/p>\r\n<p><strong>\r\n\r\n<\/strong><\/p>\r\n<p><strong>Aguardem os pr\u00f3ximos epis\u00f3dios&#8230;<\/strong><\/p>\r\n<p><strong>\r\n\r\n<\/strong><\/p>\r\n<p><strong>Por Davi Ferraz<\/strong><\/p>\r\n","protected":false},"excerpt":{"rendered":"<p>Depois da sa\u00edda\u00a0 de Alfredo Cabral do comando do PSD, mais uma lideran\u00e7a importante pede desfilia\u00e7ao do partido, complicando ainda mais o grupo da pr\u00e9-candidata Cida Moura, que est\u00e1 em ebuli\u00e7\u00e3o. Demonstrando insatisfa\u00e7\u00e3o com a sequ\u00eancia de atos desastrosos perpetrados por preposto da pre-candidata governista, o ex-vice-prefeito Alecio Caves encaminhou sua desfilia\u00e7ao na tarde desta [&hellip;]<\/p>\n","protected":false},"author":2,"featured_media":115811,"comment_status":"closed","ping_status":"open","sticky":false,"template":"","format":"standard","meta":{"footnotes":"","_links_to":"","_links_to_target":""},"categories":[1],"tags":[],"class_list":["post-115809","post","type-post","status-publish","format-standard","has-post-thumbnail","hentry","category-geral"],"views":1104,"_links":{"self":[{"href":"https:\/\/www.sudoestehoje.com.br\/novoportal\/wp-json\/wp\/v2\/posts\/115809","targetHints":{"allow":["GET"]}}],"collection":[{"href":"https:\/\/www.sudoestehoje.com.br\/novoportal\/wp-json\/wp\/v2\/posts"}],"about":[{"href":"https:\/\/www.sudoestehoje.com.br\/novoportal\/wp-json\/wp\/v2\/types\/post"}],"author":[{"embeddable":true,"href":"https:\/\/www.sudoestehoje.com.br\/novoportal\/wp-json\/wp\/v2\/users\/2"}],"replies":[{"embeddable":true,"href":"https:\/\/www.sudoestehoje.com.br\/novoportal\/wp-json\/wp\/v2\/comments?post=115809"}],"version-history":[{"count":3,"href":"https:\/\/www.sudoestehoje.com.br\/novoportal\/wp-json\/wp\/v2\/posts\/115809\/revisions"}],"predecessor-version":[{"id":115813,"href":"https:\/\/www.sudoestehoje.com.br\/novoportal\/wp-json\/wp\/v2\/posts\/115809\/revisions\/115813"}],"wp:featuredmedia":[{"embeddable":true,"href":"https:\/\/www.sudoestehoje.com.br\/novoportal\/wp-json\/wp\/v2\/media\/115811"}],"wp:attachment":[{"href":"https:\/\/www.sudoestehoje.com.br\/novoportal\/wp-json\/wp\/v2\/media?parent=115809"}],"wp:term":[{"taxonomy":"category","embeddable":true,"href":"https:\/\/www.sudoestehoje.com.br\/novoportal\/wp-json\/wp\/v2\/categories?post=115809"},{"taxonomy":"post_tag","embeddable":true,"href":"https:\/\/www.sudoestehoje.com.br\/novoportal\/wp-json\/wp\/v2\/tags?post=115809"}],"curies":[{"name":"wp","href":"https:\/\/api.w.org\/{rel}","templated":true}]}}