
{"id":115804,"date":"2024-03-14T17:36:44","date_gmt":"2024-03-14T20:36:44","guid":{"rendered":"https:\/\/www.sudoestehoje.com.br\/novoportal\/?p=115804"},"modified":"2024-03-14T17:42:29","modified_gmt":"2024-03-14T20:42:29","slug":"aviao-com-destino-a-gunambi-cai-em-sao-sebastiao-do-passe-e-mata-piloto","status":"publish","type":"post","link":"https:\/\/www.sudoestehoje.com.br\/novoportal\/2024\/03\/14\/aviao-com-destino-a-gunambi-cai-em-sao-sebastiao-do-passe-e-mata-piloto\/","title":{"rendered":"AVI\u00c3O COM DESTINO A GUANAMBI CAI EM S\u00c3O SEBASTI\u00c3O DO PASS\u00c9 E MATA PILOTO"},"content":{"rendered":"<p><img loading=\"lazy\" decoding=\"async\" class=\"alignnone wp-image-115805\" src=\"https:\/\/www.sudoestehoje.com.br\/novoportal\/wp-content\/uploads\/2024\/03\/Aviao-Sao-Sebastiao-do-Passe-600x369.webp\" alt=\"\" width=\"550\" height=\"338\" srcset=\"https:\/\/www.sudoestehoje.com.br\/novoportal\/wp-content\/uploads\/2024\/03\/Aviao-Sao-Sebastiao-do-Passe-600x369.webp 600w, https:\/\/www.sudoestehoje.com.br\/novoportal\/wp-content\/uploads\/2024\/03\/Aviao-Sao-Sebastiao-do-Passe.webp 638w\" sizes=\"auto, (max-width: 550px) 100vw, 550px\" \/><\/p>\n<p><strong>Um piloto morreu ap\u00f3s a queda de um avi\u00e3o de pequeno porte na manh\u00e3 desta quinta-feira (14), em trecho da BR-110, na zona rural de S\u00e3o Sebasti\u00e3o do Pass\u00e9, cidade do interior da\u00a0Bahia. A informa\u00e7\u00e3o foi confirmada pela prefeitura do munic\u00edpio. <\/strong><\/p>\n<p><strong>A informa\u00e7\u00e3o inicial \u00e9 de que o piloto do Seneca PT-REY, que n\u00e3o teve a identidade revelada, estava sozinho na aeronave.\u00a0<\/strong><\/p>\n<p><strong>O acidente aconteceu na localidade da Sereia, ao lado de uma f\u00e1brica de velas. A produ\u00e7\u00e3o da TV Sudoeste, afiliada da TV\u00a0Bahia, apurou que a aeronave saiu de Caruaru, em Pernambuco, com destino a\u00a0Guanambi. O piloto nasceu na cidade baiana. <\/strong><\/p>\n<p><strong>Ainda segundo a apura\u00e7\u00e3o da TV Sudoeste, ele transportava a aeronave, que tinha sido comprada por dois empres\u00e1rios da regi\u00e3o. Equipes do Corpo de Bombeiros e da\u00a0Pol\u00edcia Militar\u00a0est\u00e3o no local.<\/strong><\/p>\n","protected":false},"excerpt":{"rendered":"<p>Um piloto morreu ap\u00f3s a queda de um avi\u00e3o de pequeno porte na manh\u00e3 desta quinta-feira (14), em trecho da BR-110, na zona rural de S\u00e3o Sebasti\u00e3o do Pass\u00e9, cidade do interior da\u00a0Bahia. A informa\u00e7\u00e3o foi confirmada pela prefeitura do munic\u00edpio. A informa\u00e7\u00e3o inicial \u00e9 de que o piloto do Seneca PT-REY, que n\u00e3o teve [&hellip;]<\/p>\n","protected":false},"author":2,"featured_media":115805,"comment_status":"closed","ping_status":"open","sticky":false,"template":"","format":"standard","meta":{"footnotes":"","_links_to":"","_links_to_target":""},"categories":[1],"tags":[],"class_list":["post-115804","post","type-post","status-publish","format-standard","has-post-thumbnail","hentry","category-geral"],"views":480,"_links":{"self":[{"href":"https:\/\/www.sudoestehoje.com.br\/novoportal\/wp-json\/wp\/v2\/posts\/115804","targetHints":{"allow":["GET"]}}],"collection":[{"href":"https:\/\/www.sudoestehoje.com.br\/novoportal\/wp-json\/wp\/v2\/posts"}],"about":[{"href":"https:\/\/www.sudoestehoje.com.br\/novoportal\/wp-json\/wp\/v2\/types\/post"}],"author":[{"embeddable":true,"href":"https:\/\/www.sudoestehoje.com.br\/novoportal\/wp-json\/wp\/v2\/users\/2"}],"replies":[{"embeddable":true,"href":"https:\/\/www.sudoestehoje.com.br\/novoportal\/wp-json\/wp\/v2\/comments?post=115804"}],"version-history":[{"count":2,"href":"https:\/\/www.sudoestehoje.com.br\/novoportal\/wp-json\/wp\/v2\/posts\/115804\/revisions"}],"predecessor-version":[{"id":115807,"href":"https:\/\/www.sudoestehoje.com.br\/novoportal\/wp-json\/wp\/v2\/posts\/115804\/revisions\/115807"}],"wp:featuredmedia":[{"embeddable":true,"href":"https:\/\/www.sudoestehoje.com.br\/novoportal\/wp-json\/wp\/v2\/media\/115805"}],"wp:attachment":[{"href":"https:\/\/www.sudoestehoje.com.br\/novoportal\/wp-json\/wp\/v2\/media?parent=115804"}],"wp:term":[{"taxonomy":"category","embeddable":true,"href":"https:\/\/www.sudoestehoje.com.br\/novoportal\/wp-json\/wp\/v2\/categories?post=115804"},{"taxonomy":"post_tag","embeddable":true,"href":"https:\/\/www.sudoestehoje.com.br\/novoportal\/wp-json\/wp\/v2\/tags?post=115804"}],"curies":[{"name":"wp","href":"https:\/\/api.w.org\/{rel}","templated":true}]}}