
{"id":115775,"date":"2024-03-13T17:07:23","date_gmt":"2024-03-13T20:07:23","guid":{"rendered":"https:\/\/www.sudoestehoje.com.br\/novoportal\/?p=115775"},"modified":"2024-05-28T10:01:40","modified_gmt":"2024-05-28T13:01:40","slug":"prefeitura-decreta-ponto-facultativo-na-vespera-do-feriado-de-sao-jose","status":"publish","type":"post","link":"https:\/\/www.sudoestehoje.com.br\/novoportal\/2024\/03\/13\/prefeitura-decreta-ponto-facultativo-na-vespera-do-feriado-de-sao-jose\/","title":{"rendered":"PREFEITURA DECRETA PONTO FACULTATIVO PARA A QUINTA (CORPUS CHRISTI) E SEXTA-FEIRA"},"content":{"rendered":"<div id=\"attachment_117213\" style=\"width: 560px\" class=\"wp-caption alignnone\"><img loading=\"lazy\" decoding=\"async\" aria-describedby=\"caption-attachment-117213\" class=\" wp-image-117213\" src=\"https:\/\/www.sudoestehoje.com.br\/novoportal\/wp-content\/uploads\/2024\/03\/270524-02-600x338-2.jpg\" alt=\"\" width=\"550\" height=\"310\" \/><p id=\"caption-attachment-117213\" class=\"wp-caption-text\">180424<\/p><\/div>\n<p><strong>O munic\u00edpio de Itapetinga ter\u00e1 ponto facultativo nesta quinta-feira (31\/05), Dia de Corpus Christi, e na sexta-feira (31\/05). A decis\u00e3o foi firmada por meio de Decreto Municipal, e segue a Portaria n\u00ba 8.617 do Minist\u00e9rio da Gest\u00e3o e da Inova\u00e7\u00e3o em Servi\u00e7os P\u00fablicos, que divulga os dias de feriados nacionais e estabelece os pontos facultativos do ano de 2024.<\/strong><\/p>\n<p><strong> O atendimento na Unidade de Pronto Atendimento (UPA) ser\u00e1 mantido, assim como os servi\u00e7os essenciais e emergenciais, como sa\u00fade, obedecer\u00e3o \u00e0s escalas programadas previamente por cada setor. <\/strong><\/p>\n<p><strong>A exce\u00e7\u00e3o \u00e9 a Secretaria Municipal de Servi\u00e7os P\u00fablicos, que, devido \u00e0 natureza do trabalho realizado, continuar\u00e1 atuando normalmente.<\/strong><\/p>\n<p><strong>Reda\u00e7\u00e3o SH<\/strong><\/p>\n","protected":false},"excerpt":{"rendered":"<p>O munic\u00edpio de Itapetinga ter\u00e1 ponto facultativo nesta quinta-feira (31\/05), Dia de Corpus Christi, e na sexta-feira (31\/05). A decis\u00e3o foi firmada por meio de Decreto Municipal, e segue a Portaria n\u00ba 8.617 do Minist\u00e9rio da Gest\u00e3o e da Inova\u00e7\u00e3o em Servi\u00e7os P\u00fablicos, que divulga os dias de feriados nacionais e estabelece os pontos facultativos [&hellip;]<\/p>\n","protected":false},"author":2,"featured_media":117213,"comment_status":"closed","ping_status":"open","sticky":false,"template":"","format":"standard","meta":{"footnotes":"","_links_to":"","_links_to_target":""},"categories":[1],"tags":[],"class_list":["post-115775","post","type-post","status-publish","format-standard","has-post-thumbnail","hentry","category-geral"],"views":616,"_links":{"self":[{"href":"https:\/\/www.sudoestehoje.com.br\/novoportal\/wp-json\/wp\/v2\/posts\/115775","targetHints":{"allow":["GET"]}}],"collection":[{"href":"https:\/\/www.sudoestehoje.com.br\/novoportal\/wp-json\/wp\/v2\/posts"}],"about":[{"href":"https:\/\/www.sudoestehoje.com.br\/novoportal\/wp-json\/wp\/v2\/types\/post"}],"author":[{"embeddable":true,"href":"https:\/\/www.sudoestehoje.com.br\/novoportal\/wp-json\/wp\/v2\/users\/2"}],"replies":[{"embeddable":true,"href":"https:\/\/www.sudoestehoje.com.br\/novoportal\/wp-json\/wp\/v2\/comments?post=115775"}],"version-history":[{"count":4,"href":"https:\/\/www.sudoestehoje.com.br\/novoportal\/wp-json\/wp\/v2\/posts\/115775\/revisions"}],"predecessor-version":[{"id":117215,"href":"https:\/\/www.sudoestehoje.com.br\/novoportal\/wp-json\/wp\/v2\/posts\/115775\/revisions\/117215"}],"wp:featuredmedia":[{"embeddable":true,"href":"https:\/\/www.sudoestehoje.com.br\/novoportal\/wp-json\/wp\/v2\/media\/117213"}],"wp:attachment":[{"href":"https:\/\/www.sudoestehoje.com.br\/novoportal\/wp-json\/wp\/v2\/media?parent=115775"}],"wp:term":[{"taxonomy":"category","embeddable":true,"href":"https:\/\/www.sudoestehoje.com.br\/novoportal\/wp-json\/wp\/v2\/categories?post=115775"},{"taxonomy":"post_tag","embeddable":true,"href":"https:\/\/www.sudoestehoje.com.br\/novoportal\/wp-json\/wp\/v2\/tags?post=115775"}],"curies":[{"name":"wp","href":"https:\/\/api.w.org\/{rel}","templated":true}]}}