
{"id":115710,"date":"2024-03-10T12:47:28","date_gmt":"2024-03-10T15:47:28","guid":{"rendered":"https:\/\/www.sudoestehoje.com.br\/novoportal\/?p=115710"},"modified":"2024-03-12T19:19:29","modified_gmt":"2024-03-12T22:19:29","slug":"alfredo-cabral-anuncia-filiacao-de-cida-moura-no-psd-e-revolta-grupo","status":"publish","type":"post","link":"https:\/\/www.sudoestehoje.com.br\/novoportal\/2024\/03\/10\/alfredo-cabral-anuncia-filiacao-de-cida-moura-no-psd-e-revolta-grupo\/","title":{"rendered":"ALFREDO CABRAL ANUNCIA PEDIDO DE FILIA\u00c7\u00c3O DE CIDA MOURA AO PSD E REVOLTA GRUPO; PODE HAVER DESFILIA\u00c7\u00c3O EM MASSA"},"content":{"rendered":"<p><img loading=\"lazy\" decoding=\"async\" class=\"alignnone wp-image-115714\" src=\"https:\/\/www.sudoestehoje.com.br\/novoportal\/wp-content\/uploads\/2024\/03\/Estamos-contigo-guerreiro-1-1024x393-1-600x346.png\" alt=\"\" width=\"550\" height=\"317\" srcset=\"https:\/\/www.sudoestehoje.com.br\/novoportal\/wp-content\/uploads\/2024\/03\/Estamos-contigo-guerreiro-1-1024x393-1-600x346.png 600w, https:\/\/www.sudoestehoje.com.br\/novoportal\/wp-content\/uploads\/2024\/03\/Estamos-contigo-guerreiro-1-1024x393-1.png 682w\" sizes=\"auto, (max-width: 550px) 100vw, 550px\" \/><\/p>\n<p><strong>Atrav\u00e9s de mensagem oficial, o presidente local do PSD, Alfredo Cabral, comunicou aos pr\u00e9-candidatos do partido e lideran\u00e7as, neste domingo (10), a &#8220;possibilidade&#8221; da pr\u00e9-candidata a prefeita Cida Moura vir a se filiar na legenda para a disputa municipal deste ano em Itapetinga.<\/strong><\/p>\n<p><strong>CAIU COMO UMA BOMBA<\/strong><\/p>\n<p><strong>O comunicado de Alfredo Cabral caiu como uma bomba pegou os membros do seu grupo de surpresa, causando revolta e indigna\u00e7\u00e3o, j\u00e1 que a filia\u00e7\u00e3o de Cida Moura era descartada e aparentemente indesejada pelo pr\u00f3prio Alfredo, que vinha se mantendo como pr\u00e9-candidato a prefeito, com o argumento que tinha o apoio integral do senador Otto Alencar, presidente estadual do partido.<\/strong><\/p>\n<p><strong>CONDI\u00c7\u00d5ES IMPOSTAS POR QUEM? QUAIS FORAM?<\/strong><\/p>\n<p><strong>No comunicado, Alfredo faz tamb\u00e9m refer\u00eancia a certas &#8220;condi\u00e7\u00f5es impostas&#8221;, sem esclarecer quais seriam e quem as fez, deixando a todos com uma &#8216;pulga atr\u00e1s da orilha&#8217; e desconfiados.<\/strong><\/p>\n<p><strong>Apesar do partido de Alfredo ser da base do governo do estado, muitos dos seus pr\u00e9-candidatos a vereador, incluindo os que est\u00e3o no exerc\u00edcio do mandato, n\u00e3o apoiam Cida Moura como candidata a prefeita. Lideran\u00e7as importantes ligadas \u00e0 base do governo, filiadas ao PSD, tamb\u00e9m n\u00e3o gostariam de ter Cida Moura no partido.\u00a0<\/strong><\/p>\n<p><strong>ABAIXO ASSINADO E DESFILIA\u00c7\u00c3O EM MASSA SE CIDA FILIAR<\/strong><\/p>\n<p><strong>De acordo com informa\u00e7\u00e3o que j\u00e1 circulam nos bastidores da pol\u00edtica local, existe uma movimenta\u00e7\u00e3o para, atrav\u00e9s de um abaixo-assinados, solicitar o veto \u00e0 filia\u00e7\u00e3o de Cida Moura no PSD, sob nenhuma condi\u00e7\u00e3o.<\/strong><\/p>\n<p><strong>Desfilia\u00e7\u00e3o em massa no partido de Alfredo n\u00e3o est\u00e1 descartada.<\/strong><\/p>\n<p><strong>Por Davi Ferraz\u00a0<\/strong><\/p>\n","protected":false},"excerpt":{"rendered":"<p>Atrav\u00e9s de mensagem oficial, o presidente local do PSD, Alfredo Cabral, comunicou aos pr\u00e9-candidatos do partido e lideran\u00e7as, neste domingo (10), a &#8220;possibilidade&#8221; da pr\u00e9-candidata a prefeita Cida Moura vir a se filiar na legenda para a disputa municipal deste ano em Itapetinga. CAIU COMO UMA BOMBA O comunicado de Alfredo Cabral caiu como uma [&hellip;]<\/p>\n","protected":false},"author":2,"featured_media":115714,"comment_status":"closed","ping_status":"open","sticky":false,"template":"","format":"standard","meta":{"footnotes":"","_links_to":"","_links_to_target":""},"categories":[1],"tags":[],"class_list":["post-115710","post","type-post","status-publish","format-standard","has-post-thumbnail","hentry","category-geral"],"views":1509,"_links":{"self":[{"href":"https:\/\/www.sudoestehoje.com.br\/novoportal\/wp-json\/wp\/v2\/posts\/115710","targetHints":{"allow":["GET"]}}],"collection":[{"href":"https:\/\/www.sudoestehoje.com.br\/novoportal\/wp-json\/wp\/v2\/posts"}],"about":[{"href":"https:\/\/www.sudoestehoje.com.br\/novoportal\/wp-json\/wp\/v2\/types\/post"}],"author":[{"embeddable":true,"href":"https:\/\/www.sudoestehoje.com.br\/novoportal\/wp-json\/wp\/v2\/users\/2"}],"replies":[{"embeddable":true,"href":"https:\/\/www.sudoestehoje.com.br\/novoportal\/wp-json\/wp\/v2\/comments?post=115710"}],"version-history":[{"count":14,"href":"https:\/\/www.sudoestehoje.com.br\/novoportal\/wp-json\/wp\/v2\/posts\/115710\/revisions"}],"predecessor-version":[{"id":115745,"href":"https:\/\/www.sudoestehoje.com.br\/novoportal\/wp-json\/wp\/v2\/posts\/115710\/revisions\/115745"}],"wp:featuredmedia":[{"embeddable":true,"href":"https:\/\/www.sudoestehoje.com.br\/novoportal\/wp-json\/wp\/v2\/media\/115714"}],"wp:attachment":[{"href":"https:\/\/www.sudoestehoje.com.br\/novoportal\/wp-json\/wp\/v2\/media?parent=115710"}],"wp:term":[{"taxonomy":"category","embeddable":true,"href":"https:\/\/www.sudoestehoje.com.br\/novoportal\/wp-json\/wp\/v2\/categories?post=115710"},{"taxonomy":"post_tag","embeddable":true,"href":"https:\/\/www.sudoestehoje.com.br\/novoportal\/wp-json\/wp\/v2\/tags?post=115710"}],"curies":[{"name":"wp","href":"https:\/\/api.w.org\/{rel}","templated":true}]}}