
{"id":115702,"date":"2024-03-09T12:24:32","date_gmt":"2024-03-09T15:24:32","guid":{"rendered":"https:\/\/www.sudoestehoje.com.br\/novoportal\/?p=115702"},"modified":"2024-03-09T19:53:55","modified_gmt":"2024-03-09T22:53:55","slug":"banana-da-prata-sumiu-do-mercado-e-da-feira","status":"publish","type":"post","link":"https:\/\/www.sudoestehoje.com.br\/novoportal\/2024\/03\/09\/banana-da-prata-sumiu-do-mercado-e-da-feira\/","title":{"rendered":"ITAPETINGA | BANANA DA PRATA SUMIU DOS SUPERMERCADOS E AT\u00c9 DAS FEIRAS-LIVRES"},"content":{"rendered":"\r\n<p><img loading=\"lazy\" decoding=\"async\" class=\"alignnone  wp-image-115701\" src=\"https:\/\/www.sudoestehoje.com.br\/novoportal\/wp-content\/uploads\/2024\/03\/screenshot_20240309_115113_google3803303267000832047-600x415.jpg\" alt=\"\" width=\"549\" height=\"380\" srcset=\"https:\/\/www.sudoestehoje.com.br\/novoportal\/wp-content\/uploads\/2024\/03\/screenshot_20240309_115113_google3803303267000832047-600x415.jpg 600w, https:\/\/www.sudoestehoje.com.br\/novoportal\/wp-content\/uploads\/2024\/03\/screenshot_20240309_115113_google3803303267000832047-700x484.jpg 700w, https:\/\/www.sudoestehoje.com.br\/novoportal\/wp-content\/uploads\/2024\/03\/screenshot_20240309_115113_google3803303267000832047-768x531.jpg 768w, https:\/\/www.sudoestehoje.com.br\/novoportal\/wp-content\/uploads\/2024\/03\/screenshot_20240309_115113_google3803303267000832047.jpg 1079w\" sizes=\"auto, (max-width: 549px) 100vw, 549px\" \/><\/p>\r\n<p><strong>Indispens\u00e1vel na mesa do consumidor, a boa e tradicional banana da prata sumiu do mercado e at\u00e9 das feiras livres de Itapetinga e toda a regi\u00e3o Sudoeste.<\/strong><\/p>\r\n<p><strong>\r\n\r\n\r\n\r\n<\/strong><\/p>\r\n<p><strong>A explica\u00e7\u00e3o para o sumi\u00e7o da\u00a0 fruta mais consumida do Brasil, teria sido o excesso de chuvas nas regi\u00f5es produtoras, prejudicando a produ\u00e7\u00e3o e a qualidade, sem falar do pre\u00e7o que est\u00e1 nas alturas.<\/strong><\/p>\r\n<p><strong>\r\n\r\n<\/strong><\/p>\r\n<p><strong>Nada mais <em>&#8216;a pre\u00e7o de banana&#8217;<\/em>.<\/strong><\/p>\r\n<p><strong>\r\n\r\n<\/strong><\/p>\r\n<p><strong>Por Davi Ferraz<\/strong><\/p>\r\n","protected":false},"excerpt":{"rendered":"<p>Indispens\u00e1vel na mesa do consumidor, a boa e tradicional banana da prata sumiu do mercado e at\u00e9 das feiras livres de Itapetinga e toda a regi\u00e3o Sudoeste. A explica\u00e7\u00e3o para o sumi\u00e7o da\u00a0 fruta mais consumida do Brasil, teria sido o excesso de chuvas nas regi\u00f5es produtoras, prejudicando a produ\u00e7\u00e3o e a qualidade, sem falar [&hellip;]<\/p>\n","protected":false},"author":2,"featured_media":115701,"comment_status":"closed","ping_status":"open","sticky":false,"template":"","format":"standard","meta":{"footnotes":"","_links_to":"","_links_to_target":""},"categories":[1],"tags":[],"class_list":["post-115702","post","type-post","status-publish","format-standard","has-post-thumbnail","hentry","category-geral"],"views":1625,"_links":{"self":[{"href":"https:\/\/www.sudoestehoje.com.br\/novoportal\/wp-json\/wp\/v2\/posts\/115702","targetHints":{"allow":["GET"]}}],"collection":[{"href":"https:\/\/www.sudoestehoje.com.br\/novoportal\/wp-json\/wp\/v2\/posts"}],"about":[{"href":"https:\/\/www.sudoestehoje.com.br\/novoportal\/wp-json\/wp\/v2\/types\/post"}],"author":[{"embeddable":true,"href":"https:\/\/www.sudoestehoje.com.br\/novoportal\/wp-json\/wp\/v2\/users\/2"}],"replies":[{"embeddable":true,"href":"https:\/\/www.sudoestehoje.com.br\/novoportal\/wp-json\/wp\/v2\/comments?post=115702"}],"version-history":[{"count":6,"href":"https:\/\/www.sudoestehoje.com.br\/novoportal\/wp-json\/wp\/v2\/posts\/115702\/revisions"}],"predecessor-version":[{"id":115708,"href":"https:\/\/www.sudoestehoje.com.br\/novoportal\/wp-json\/wp\/v2\/posts\/115702\/revisions\/115708"}],"wp:featuredmedia":[{"embeddable":true,"href":"https:\/\/www.sudoestehoje.com.br\/novoportal\/wp-json\/wp\/v2\/media\/115701"}],"wp:attachment":[{"href":"https:\/\/www.sudoestehoje.com.br\/novoportal\/wp-json\/wp\/v2\/media?parent=115702"}],"wp:term":[{"taxonomy":"category","embeddable":true,"href":"https:\/\/www.sudoestehoje.com.br\/novoportal\/wp-json\/wp\/v2\/categories?post=115702"},{"taxonomy":"post_tag","embeddable":true,"href":"https:\/\/www.sudoestehoje.com.br\/novoportal\/wp-json\/wp\/v2\/tags?post=115702"}],"curies":[{"name":"wp","href":"https:\/\/api.w.org\/{rel}","templated":true}]}}