
{"id":11567,"date":"2011-12-28T19:17:49","date_gmt":"2011-12-28T22:17:49","guid":{"rendered":"http:\/\/www.sudoestehoje.com.br\/novoportal\/?p=11567"},"modified":"2011-12-28T20:02:38","modified_gmt":"2011-12-28T23:02:38","slug":"jader-barbalho-e-empossado-em-pleno-recesso-do-senado","status":"publish","type":"post","link":"https:\/\/www.sudoestehoje.com.br\/novoportal\/2011\/12\/28\/jader-barbalho-e-empossado-em-pleno-recesso-do-senado\/","title":{"rendered":"JADER BARBALHO \u00c9 EMPOSSADO EM PLENO RECESSO DO SENADO"},"content":{"rendered":"<p style=\"text-align: center;\"><img decoding=\"async\" class=\"aligncenter\" src=\"http:\/\/www.politicalivre.com.br\/wp-content\/uploads\/2011\/12\/Ag%C3%AAnciaBrasilVC_3097.jpg\" alt=\"\" width=\"400\" \/><\/p>\n<p style=\"text-align: center;\"><em><strong>Marta Suplicy (PT) deu posse ao senador Jader Barbalho (PMDB)<\/strong><\/em><\/p>\n<p>O Senado deu posse nesta quarta-feira (28) a Jader Barbalho (PMDB-PA), quase um ano ap\u00f3s o in\u00edcio dos trabalhos do Legislativo. O ex-senador, eleito em 2010, n\u00e3o pode assumir o cargo por ter sido barrado pela Lei da Ficha Limpa. A Mesa Diretora da Casa se reuniu para a cerim\u00f4nia nesta tarde, embora o Congresso j\u00e1 esteja em recesso parlamentar. Jader foi empossado pela presidente em exerc\u00edcio, Marta Suplicy (PT-SP). A senadora Marinor Brito (PSOL-PA), que perdeu a vaga para Jader Barbalho, recorreu ao STF (Supremo Tribunal Federal) para impedir a posse do pol\u00edtico, mas teve seu pedido negado na noite de ter\u00e7a-feira (27). Do R7.<\/p>\n","protected":false},"excerpt":{"rendered":"<p>Marta Suplicy (PT) deu posse ao senador Jader Barbalho (PMDB) O Senado deu posse nesta quarta-feira (28) a Jader Barbalho (PMDB-PA), quase um ano ap\u00f3s o in\u00edcio dos trabalhos do Legislativo. O ex-senador, eleito em 2010, n\u00e3o pode assumir o cargo por ter sido barrado pela Lei da Ficha Limpa. A Mesa Diretora da Casa [&hellip;]<\/p>\n","protected":false},"author":2,"featured_media":0,"comment_status":"open","ping_status":"open","sticky":false,"template":"","format":"standard","meta":{"footnotes":"","_links_to":"","_links_to_target":""},"categories":[1],"tags":[],"class_list":["post-11567","post","type-post","status-publish","format-standard","hentry","category-geral"],"views":1134,"_links":{"self":[{"href":"https:\/\/www.sudoestehoje.com.br\/novoportal\/wp-json\/wp\/v2\/posts\/11567","targetHints":{"allow":["GET"]}}],"collection":[{"href":"https:\/\/www.sudoestehoje.com.br\/novoportal\/wp-json\/wp\/v2\/posts"}],"about":[{"href":"https:\/\/www.sudoestehoje.com.br\/novoportal\/wp-json\/wp\/v2\/types\/post"}],"author":[{"embeddable":true,"href":"https:\/\/www.sudoestehoje.com.br\/novoportal\/wp-json\/wp\/v2\/users\/2"}],"replies":[{"embeddable":true,"href":"https:\/\/www.sudoestehoje.com.br\/novoportal\/wp-json\/wp\/v2\/comments?post=11567"}],"version-history":[{"count":4,"href":"https:\/\/www.sudoestehoje.com.br\/novoportal\/wp-json\/wp\/v2\/posts\/11567\/revisions"}],"predecessor-version":[{"id":11570,"href":"https:\/\/www.sudoestehoje.com.br\/novoportal\/wp-json\/wp\/v2\/posts\/11567\/revisions\/11570"}],"wp:attachment":[{"href":"https:\/\/www.sudoestehoje.com.br\/novoportal\/wp-json\/wp\/v2\/media?parent=11567"}],"wp:term":[{"taxonomy":"category","embeddable":true,"href":"https:\/\/www.sudoestehoje.com.br\/novoportal\/wp-json\/wp\/v2\/categories?post=11567"},{"taxonomy":"post_tag","embeddable":true,"href":"https:\/\/www.sudoestehoje.com.br\/novoportal\/wp-json\/wp\/v2\/tags?post=11567"}],"curies":[{"name":"wp","href":"https:\/\/api.w.org\/{rel}","templated":true}]}}