
{"id":115647,"date":"2024-03-08T19:27:25","date_gmt":"2024-03-08T22:27:25","guid":{"rendered":"https:\/\/www.sudoestehoje.com.br\/novoportal\/?p=115647"},"modified":"2024-03-08T19:29:04","modified_gmt":"2024-03-08T22:29:04","slug":"sudoeste-concentra-maior-numero-de-mortes-por-dengue-na-bahia","status":"publish","type":"post","link":"https:\/\/www.sudoestehoje.com.br\/novoportal\/2024\/03\/08\/sudoeste-concentra-maior-numero-de-mortes-por-dengue-na-bahia\/","title":{"rendered":"SUDOESTE CONCENTRA MAIOR N\u00daMERO DE MORTES POR DENGUE NA BAHIA"},"content":{"rendered":"<p><img loading=\"lazy\" decoding=\"async\" class=\"alignnone wp-image-115651\" src=\"https:\/\/www.sudoestehoje.com.br\/novoportal\/wp-content\/uploads\/2024\/03\/Panoramica-de-drone-2-1024x576-1-600x338.jpg\" alt=\"\" width=\"550\" height=\"310\" srcset=\"https:\/\/www.sudoestehoje.com.br\/novoportal\/wp-content\/uploads\/2024\/03\/Panoramica-de-drone-2-1024x576-1-600x338.jpg 600w, https:\/\/www.sudoestehoje.com.br\/novoportal\/wp-content\/uploads\/2024\/03\/Panoramica-de-drone-2-1024x576-1-700x394.jpg 700w, https:\/\/www.sudoestehoje.com.br\/novoportal\/wp-content\/uploads\/2024\/03\/Panoramica-de-drone-2-1024x576-1-768x432.jpg 768w, https:\/\/www.sudoestehoje.com.br\/novoportal\/wp-content\/uploads\/2024\/03\/Panoramica-de-drone-2-1024x576-1.jpg 1024w\" sizes=\"auto, (max-width: 550px) 100vw, 550px\" \/><\/p>\n<p><strong>Mais tr\u00eas mortes por dengue foram confirmadas na Bahia nesta sexta-feira (8), elevando para 12 o n\u00famero de \u00f3bitos confirmados\u00a0 no estado, em 2024.<\/strong><\/p>\n<p><strong>De acordo com a Secretaria da Sa\u00fade do Estando (Sesab), dois pacientes moravam em Jacaraci e um em Vit\u00f3ria da Conquista, cidades que ficam na regi\u00e3o sudoeste. <\/strong><\/p>\n<p><strong>Ainda conforme o \u00f3rg\u00e3o, 122 munic\u00edpios do estado est\u00e3o em epidemia, incluindo Itapetinga.<\/strong><\/p>\n<div id=\"chunk-228at\">\n<div class=\"mc-column content-text active-extra-styles \" data-block-type=\"unstyled\" data-block-weight=\"8\" data-block-id=\"10\">\n<p class=\" content-text__container \" data-track-category=\"Link no Texto\" data-track-links=\"\" data-mrf-recirculation=\"Article links\"><strong>Veja as cidades que registraram morte por dengue:<\/strong><\/p>\n<\/div>\n<\/div>\n<div id=\"chunk-etcv5\">\n<div class=\"mc-column content-text active-extra-styles\" data-block-type=\"raw\" data-block-weight=\"44\" data-block-id=\"11\">\n<p><strong>Jacaraci, no sudoeste da Bahia (4);<\/strong><\/p>\n<p><strong>Ibiassuc\u00ea, no sudoeste da Bahia (1);<\/strong><\/p>\n<p><strong>Vit\u00f3ria da Conquista, no sudoeste da Bahia (3);<\/strong><\/p>\n<p><strong>Barra do Cho\u00e7a, no sudoeste da Bahia (1);<\/strong><\/p>\n<p><strong>Pirip\u00e1, no sudoeste da Bahia (1);<\/strong><\/p>\n<p><strong>Irec\u00ea, no norte da Bahia (1);<\/strong><\/p>\n<p><strong>Feira de Santana (1).<\/strong><\/p>\n<p><strong><em>SH<\/em><\/strong><\/p>\n<\/div>\n<\/div>\n","protected":false},"excerpt":{"rendered":"<p>Mais tr\u00eas mortes por dengue foram confirmadas na Bahia nesta sexta-feira (8), elevando para 12 o n\u00famero de \u00f3bitos confirmados\u00a0 no estado, em 2024. De acordo com a Secretaria da Sa\u00fade do Estando (Sesab), dois pacientes moravam em Jacaraci e um em Vit\u00f3ria da Conquista, cidades que ficam na regi\u00e3o sudoeste. Ainda conforme o \u00f3rg\u00e3o, [&hellip;]<\/p>\n","protected":false},"author":2,"featured_media":115651,"comment_status":"closed","ping_status":"open","sticky":false,"template":"","format":"standard","meta":{"footnotes":"","_links_to":"","_links_to_target":""},"categories":[1],"tags":[],"class_list":["post-115647","post","type-post","status-publish","format-standard","has-post-thumbnail","hentry","category-geral"],"views":579,"_links":{"self":[{"href":"https:\/\/www.sudoestehoje.com.br\/novoportal\/wp-json\/wp\/v2\/posts\/115647","targetHints":{"allow":["GET"]}}],"collection":[{"href":"https:\/\/www.sudoestehoje.com.br\/novoportal\/wp-json\/wp\/v2\/posts"}],"about":[{"href":"https:\/\/www.sudoestehoje.com.br\/novoportal\/wp-json\/wp\/v2\/types\/post"}],"author":[{"embeddable":true,"href":"https:\/\/www.sudoestehoje.com.br\/novoportal\/wp-json\/wp\/v2\/users\/2"}],"replies":[{"embeddable":true,"href":"https:\/\/www.sudoestehoje.com.br\/novoportal\/wp-json\/wp\/v2\/comments?post=115647"}],"version-history":[{"count":7,"href":"https:\/\/www.sudoestehoje.com.br\/novoportal\/wp-json\/wp\/v2\/posts\/115647\/revisions"}],"predecessor-version":[{"id":115655,"href":"https:\/\/www.sudoestehoje.com.br\/novoportal\/wp-json\/wp\/v2\/posts\/115647\/revisions\/115655"}],"wp:featuredmedia":[{"embeddable":true,"href":"https:\/\/www.sudoestehoje.com.br\/novoportal\/wp-json\/wp\/v2\/media\/115651"}],"wp:attachment":[{"href":"https:\/\/www.sudoestehoje.com.br\/novoportal\/wp-json\/wp\/v2\/media?parent=115647"}],"wp:term":[{"taxonomy":"category","embeddable":true,"href":"https:\/\/www.sudoestehoje.com.br\/novoportal\/wp-json\/wp\/v2\/categories?post=115647"},{"taxonomy":"post_tag","embeddable":true,"href":"https:\/\/www.sudoestehoje.com.br\/novoportal\/wp-json\/wp\/v2\/tags?post=115647"}],"curies":[{"name":"wp","href":"https:\/\/api.w.org\/{rel}","templated":true}]}}