
{"id":115637,"date":"2024-03-08T11:33:03","date_gmt":"2024-03-08T14:33:03","guid":{"rendered":"https:\/\/www.sudoestehoje.com.br\/novoportal\/?p=115637"},"modified":"2024-03-08T11:33:03","modified_gmt":"2024-03-08T14:33:03","slug":"eleicoes-itapetinga-sindicalista-sidnei-mendes-de-malas-prontas-para-deixar-o-pt-e-filiar-no-psd","status":"publish","type":"post","link":"https:\/\/www.sudoestehoje.com.br\/novoportal\/2024\/03\/08\/eleicoes-itapetinga-sindicalista-sidnei-mendes-de-malas-prontas-para-deixar-o-pt-e-filiar-no-psd\/","title":{"rendered":"ELEI\u00c7\u00d5ES ITAPETINGA | SINDICALISTA SIDNEI MENDES DE MALAS PRONTAS PARA DEIXAR O PT E FILIAR NO PSD"},"content":{"rendered":"<p><img loading=\"lazy\" decoding=\"async\" class=\"alignnone  wp-image-115644\" src=\"https:\/\/www.sudoestehoje.com.br\/novoportal\/wp-content\/uploads\/2024\/03\/sindicato-de-verdade-2.jpg\" alt=\"\" width=\"550\" height=\"552\" srcset=\"https:\/\/www.sudoestehoje.com.br\/novoportal\/wp-content\/uploads\/2024\/03\/sindicato-de-verdade-2.jpg 336w, https:\/\/www.sudoestehoje.com.br\/novoportal\/wp-content\/uploads\/2024\/03\/sindicato-de-verdade-2-150x150.jpg 150w\" sizes=\"auto, (max-width: 550px) 100vw, 550px\" \/><\/p>\n<p><strong>No tumultuado tabuleiro da sucess\u00e3o municipal em Itapetinga, todo dia tem uma novidade e a bola da vez \u00e9 a prov\u00e1vel troca de partido do sindicalista Sidnei Mendes do PT, para outra agremia\u00e7\u00e3o ligada ao governo do estado, o PSD do senador Otto Alencar.\u00a0\u00a0<\/strong><\/p>\n<p><strong>Um influente pol\u00edtico ligado ao PSD revelou ao Sudoeste Hoje que Sidnei tem conversado sobre o assunto com Alfredo Cabral, presidente municipal da sigla, mas ainda falta &#8216;bater o martelo&#8217;. <\/strong><\/p>\n<p><strong>No \u00faltimo evento do partido em homenagem ao Dia Internacional da Mulher, Sidney compareceu e ainda levou a fam\u00edlia, num evidente sinal de aproxima\u00e7\u00e3o.<\/strong><\/p>\n<p><strong>Se a sa\u00edda do l\u00edder sindical do PT for confirmada, o desfalque pode esvaziar de vez a chapa para vereadores, visto que o partido j\u00e1 perdeu os suplentes Diga Diga e Francine, sem falar do veto de Rosemberg aos vereadores do PV Tiquinho e Valdeir, que, em tese, fariam parte da federa\u00e7\u00e3o PT, PCdoB e PV.<\/strong><\/p>\n<p><strong>Sobrou quem mesmo?<\/strong><\/p>\n<p><strong>Por Davi Ferraz\u00a0<\/strong><\/p>\n","protected":false},"excerpt":{"rendered":"<p>No tumultuado tabuleiro da sucess\u00e3o municipal em Itapetinga, todo dia tem uma novidade e a bola da vez \u00e9 a prov\u00e1vel troca de partido do sindicalista Sidnei Mendes do PT, para outra agremia\u00e7\u00e3o ligada ao governo do estado, o PSD do senador Otto Alencar.\u00a0\u00a0 Um influente pol\u00edtico ligado ao PSD revelou ao Sudoeste Hoje que [&hellip;]<\/p>\n","protected":false},"author":2,"featured_media":115644,"comment_status":"closed","ping_status":"open","sticky":false,"template":"","format":"standard","meta":{"footnotes":"","_links_to":"","_links_to_target":""},"categories":[1],"tags":[],"class_list":["post-115637","post","type-post","status-publish","format-standard","has-post-thumbnail","hentry","category-geral"],"views":1930,"_links":{"self":[{"href":"https:\/\/www.sudoestehoje.com.br\/novoportal\/wp-json\/wp\/v2\/posts\/115637","targetHints":{"allow":["GET"]}}],"collection":[{"href":"https:\/\/www.sudoestehoje.com.br\/novoportal\/wp-json\/wp\/v2\/posts"}],"about":[{"href":"https:\/\/www.sudoestehoje.com.br\/novoportal\/wp-json\/wp\/v2\/types\/post"}],"author":[{"embeddable":true,"href":"https:\/\/www.sudoestehoje.com.br\/novoportal\/wp-json\/wp\/v2\/users\/2"}],"replies":[{"embeddable":true,"href":"https:\/\/www.sudoestehoje.com.br\/novoportal\/wp-json\/wp\/v2\/comments?post=115637"}],"version-history":[{"count":7,"href":"https:\/\/www.sudoestehoje.com.br\/novoportal\/wp-json\/wp\/v2\/posts\/115637\/revisions"}],"predecessor-version":[{"id":115645,"href":"https:\/\/www.sudoestehoje.com.br\/novoportal\/wp-json\/wp\/v2\/posts\/115637\/revisions\/115645"}],"wp:featuredmedia":[{"embeddable":true,"href":"https:\/\/www.sudoestehoje.com.br\/novoportal\/wp-json\/wp\/v2\/media\/115644"}],"wp:attachment":[{"href":"https:\/\/www.sudoestehoje.com.br\/novoportal\/wp-json\/wp\/v2\/media?parent=115637"}],"wp:term":[{"taxonomy":"category","embeddable":true,"href":"https:\/\/www.sudoestehoje.com.br\/novoportal\/wp-json\/wp\/v2\/categories?post=115637"},{"taxonomy":"post_tag","embeddable":true,"href":"https:\/\/www.sudoestehoje.com.br\/novoportal\/wp-json\/wp\/v2\/tags?post=115637"}],"curies":[{"name":"wp","href":"https:\/\/api.w.org\/{rel}","templated":true}]}}