
{"id":115630,"date":"2024-03-07T20:01:19","date_gmt":"2024-03-07T23:01:19","guid":{"rendered":"https:\/\/www.sudoestehoje.com.br\/novoportal\/?p=115630"},"modified":"2024-03-07T20:09:32","modified_gmt":"2024-03-07T23:09:32","slug":"conquista-onibus-tomba-na-br-116-e-deixa-oito-pessoas-feridas-nesta-quinta-7","status":"publish","type":"post","link":"https:\/\/www.sudoestehoje.com.br\/novoportal\/2024\/03\/07\/conquista-onibus-tomba-na-br-116-e-deixa-oito-pessoas-feridas-nesta-quinta-7\/","title":{"rendered":"CONQUISTA | \u00d4NIBUS TOMBA NA BR-116 E DEIXA OITO PESSOAS FERIDAS NESTA QUINTA"},"content":{"rendered":"<p><img loading=\"lazy\" decoding=\"async\" class=\"alignnone wp-image-115632\" src=\"https:\/\/www.sudoestehoje.com.br\/novoportal\/wp-content\/uploads\/2024\/03\/van-1-600x405.png\" alt=\"\" width=\"550\" height=\"371\" srcset=\"https:\/\/www.sudoestehoje.com.br\/novoportal\/wp-content\/uploads\/2024\/03\/van-1-600x405.png 600w, https:\/\/www.sudoestehoje.com.br\/novoportal\/wp-content\/uploads\/2024\/03\/van-1.png 700w\" sizes=\"auto, (max-width: 550px) 100vw, 550px\" \/><\/p>\n<p><strong>Oito pessoas ficaram feridas ap\u00f3s o \u00f4nibus que estavam tombar, na manh\u00e3 desta quinta-feira (7), na BR-116, em trecho da cidade de Vit\u00f3ria da Conquista, no sudoeste da Bahia.<\/strong><\/p>\n<p><strong>Segundo informa\u00e7\u00f5es da Pol\u00edcia Rodovi\u00e1ria Federal (PRF), o acidente aconteceu por volta das 7h40, no km 861. As v\u00edtimas foram seis adultos e duas crian\u00e7as. Sete delas tiveram ferimentos considerados leves e uma moderado.<\/strong><\/p>\n<p><strong>De acordo com a PRF, informa\u00e7\u00f5es preliminares apontam que o \u00f4nibus trafegava no sentido norte da rodovia quando encontrou uma carreta no sentido oposto.<\/strong><\/p>\n<p><strong>O motorista do ve\u00edculo, para evitar uma batida frontal, teria realizado uma manobra brusca desviando da dire\u00e7\u00e3o da carreta, mas o \u00f4nibus tombou.<\/strong><\/p>\n<p><strong>As oito v\u00edtimas foram socorridas em duas ambul\u00e2ncias e levadas para o Hospital Geral de Vit\u00f3ria da Conquista.<\/strong><\/p>\n","protected":false},"excerpt":{"rendered":"<p>Oito pessoas ficaram feridas ap\u00f3s o \u00f4nibus que estavam tombar, na manh\u00e3 desta quinta-feira (7), na BR-116, em trecho da cidade de Vit\u00f3ria da Conquista, no sudoeste da Bahia. Segundo informa\u00e7\u00f5es da Pol\u00edcia Rodovi\u00e1ria Federal (PRF), o acidente aconteceu por volta das 7h40, no km 861. As v\u00edtimas foram seis adultos e duas crian\u00e7as. Sete [&hellip;]<\/p>\n","protected":false},"author":2,"featured_media":115632,"comment_status":"closed","ping_status":"open","sticky":false,"template":"","format":"standard","meta":{"footnotes":"","_links_to":"","_links_to_target":""},"categories":[1],"tags":[],"class_list":["post-115630","post","type-post","status-publish","format-standard","has-post-thumbnail","hentry","category-geral"],"views":1051,"_links":{"self":[{"href":"https:\/\/www.sudoestehoje.com.br\/novoportal\/wp-json\/wp\/v2\/posts\/115630","targetHints":{"allow":["GET"]}}],"collection":[{"href":"https:\/\/www.sudoestehoje.com.br\/novoportal\/wp-json\/wp\/v2\/posts"}],"about":[{"href":"https:\/\/www.sudoestehoje.com.br\/novoportal\/wp-json\/wp\/v2\/types\/post"}],"author":[{"embeddable":true,"href":"https:\/\/www.sudoestehoje.com.br\/novoportal\/wp-json\/wp\/v2\/users\/2"}],"replies":[{"embeddable":true,"href":"https:\/\/www.sudoestehoje.com.br\/novoportal\/wp-json\/wp\/v2\/comments?post=115630"}],"version-history":[{"count":3,"href":"https:\/\/www.sudoestehoje.com.br\/novoportal\/wp-json\/wp\/v2\/posts\/115630\/revisions"}],"predecessor-version":[{"id":115635,"href":"https:\/\/www.sudoestehoje.com.br\/novoportal\/wp-json\/wp\/v2\/posts\/115630\/revisions\/115635"}],"wp:featuredmedia":[{"embeddable":true,"href":"https:\/\/www.sudoestehoje.com.br\/novoportal\/wp-json\/wp\/v2\/media\/115632"}],"wp:attachment":[{"href":"https:\/\/www.sudoestehoje.com.br\/novoportal\/wp-json\/wp\/v2\/media?parent=115630"}],"wp:term":[{"taxonomy":"category","embeddable":true,"href":"https:\/\/www.sudoestehoje.com.br\/novoportal\/wp-json\/wp\/v2\/categories?post=115630"},{"taxonomy":"post_tag","embeddable":true,"href":"https:\/\/www.sudoestehoje.com.br\/novoportal\/wp-json\/wp\/v2\/tags?post=115630"}],"curies":[{"name":"wp","href":"https:\/\/api.w.org\/{rel}","templated":true}]}}