
{"id":115625,"date":"2024-03-07T09:52:17","date_gmt":"2024-03-07T12:52:17","guid":{"rendered":"https:\/\/www.sudoestehoje.com.br\/novoportal\/?p=115625"},"modified":"2024-03-07T10:10:10","modified_gmt":"2024-03-07T13:10:10","slug":"em-macarani-abraao-lacerda-cresce-e-ja-rivaliza-com-a-prefeita-celma-souto","status":"publish","type":"post","link":"https:\/\/www.sudoestehoje.com.br\/novoportal\/2024\/03\/07\/em-macarani-abraao-lacerda-cresce-e-ja-rivaliza-com-a-prefeita-celma-souto\/","title":{"rendered":"EM MACARANI, ABRA\u00c3O LACERDA CRESCE E J\u00c1 RIVALIZA COM A PREFEITA SELMA SOUTO"},"content":{"rendered":"<p><img loading=\"lazy\" decoding=\"async\" class=\"alignnone wp-image-115627\" src=\"https:\/\/www.sudoestehoje.com.br\/novoportal\/wp-content\/uploads\/2024\/03\/6c7f81bd-ade9-4040-a36c-a5567a1d239a-600x381.jpg\" alt=\"\" width=\"550\" height=\"349\" srcset=\"https:\/\/www.sudoestehoje.com.br\/novoportal\/wp-content\/uploads\/2024\/03\/6c7f81bd-ade9-4040-a36c-a5567a1d239a-600x381.jpg 600w, https:\/\/www.sudoestehoje.com.br\/novoportal\/wp-content\/uploads\/2024\/03\/6c7f81bd-ade9-4040-a36c-a5567a1d239a-700x444.jpg 700w, https:\/\/www.sudoestehoje.com.br\/novoportal\/wp-content\/uploads\/2024\/03\/6c7f81bd-ade9-4040-a36c-a5567a1d239a-768x487.jpg 768w, https:\/\/www.sudoestehoje.com.br\/novoportal\/wp-content\/uploads\/2024\/03\/6c7f81bd-ade9-4040-a36c-a5567a1d239a.jpg 1200w\" sizes=\"auto, (max-width: 550px) 100vw, 550px\" \/><\/p>\n<p><strong>Desde que se lan\u00e7ou pr\u00e9-candidato a prefeito de Macarani, pelo Uni\u00e3o Brasil, o empres\u00e1rio Abra\u00e3o Lacerda vem conquistando importantes apoios e aumentando a sua popularidade, aparecendo como segunda for\u00e7a pol\u00edtica no munic\u00edpio, de acordo com recentes avalia\u00e7\u00f5es.<\/strong><\/p>\n<p><strong>O crescimento do jovem pol\u00edtico se deve \u00e0 sua atua\u00e7\u00e3o junto \u00e0 popula\u00e7\u00e3o mais carente e a confian\u00e7a dos formadores de opini\u00e3o, cansados com a perpetua\u00e7\u00e3o de velhas lideran\u00e7as que se alternam no poder h\u00e1 d\u00e9cadas, hora diretamente, hora atrav\u00e9s de parentes.<\/strong><\/p>\n<p><strong>Na cidade, o desejo \u00e9 de mudan\u00e7a j\u00e1 nessas elei\u00e7\u00f5es e o nome de Abra\u00e3o Lacerda \u00e9 visto como alternativa vi\u00e1vel. <em>&#8220;A fila em Macarani precisa andar, para sairmos do &#8216;feij\u00e3o com arroz&#8217; dos velhos e cansados pol\u00edticos que nunca largam o osso&#8221;<\/em>, disse uma eleitora exaltada e revoltada com o atraso perpetuado no munic\u00edpio.<\/strong><\/p>\n<p><strong>APOIO DE RODRIGO HAGGE<\/strong><\/p>\n<p><strong>Nesta quarta-feira (6), Abra\u00e3o Lacerda se reuniu com o tamb\u00e9m jovem prefeito de Itapetinga, Rodrigo Hagge (MDB) e garantiu apoio incondicional para a sua candidatura, que tamb\u00e9m dever\u00e1 contar com a chancela e for\u00e7a do l\u00edder do Uni\u00e3o Brasil, ACM Neto, al\u00e9m de outras lideran\u00e7as oposicionistas do estado.<\/strong><\/p>\n<p><strong>Nos bastidores da pol\u00edtica regional, j\u00e1 corre a informa\u00e7\u00e3o de que o ex-prefeito Carlinhos poder\u00e1 compor com Abra\u00e3o e apoiar a sua candidatura, na disputa contra a desgastada prefeita Selma de Armando Porto.<\/strong><\/p>\n<p><strong>Por Davi Ferraz<\/strong><\/p>\n","protected":false},"excerpt":{"rendered":"<p>Desde que se lan\u00e7ou pr\u00e9-candidato a prefeito de Macarani, pelo Uni\u00e3o Brasil, o empres\u00e1rio Abra\u00e3o Lacerda vem conquistando importantes apoios e aumentando a sua popularidade, aparecendo como segunda for\u00e7a pol\u00edtica no munic\u00edpio, de acordo com recentes avalia\u00e7\u00f5es. O crescimento do jovem pol\u00edtico se deve \u00e0 sua atua\u00e7\u00e3o junto \u00e0 popula\u00e7\u00e3o mais carente e a confian\u00e7a [&hellip;]<\/p>\n","protected":false},"author":2,"featured_media":115627,"comment_status":"closed","ping_status":"open","sticky":false,"template":"","format":"standard","meta":{"footnotes":"","_links_to":"","_links_to_target":""},"categories":[1],"tags":[],"class_list":["post-115625","post","type-post","status-publish","format-standard","has-post-thumbnail","hentry","category-geral"],"views":1185,"_links":{"self":[{"href":"https:\/\/www.sudoestehoje.com.br\/novoportal\/wp-json\/wp\/v2\/posts\/115625","targetHints":{"allow":["GET"]}}],"collection":[{"href":"https:\/\/www.sudoestehoje.com.br\/novoportal\/wp-json\/wp\/v2\/posts"}],"about":[{"href":"https:\/\/www.sudoestehoje.com.br\/novoportal\/wp-json\/wp\/v2\/types\/post"}],"author":[{"embeddable":true,"href":"https:\/\/www.sudoestehoje.com.br\/novoportal\/wp-json\/wp\/v2\/users\/2"}],"replies":[{"embeddable":true,"href":"https:\/\/www.sudoestehoje.com.br\/novoportal\/wp-json\/wp\/v2\/comments?post=115625"}],"version-history":[{"count":3,"href":"https:\/\/www.sudoestehoje.com.br\/novoportal\/wp-json\/wp\/v2\/posts\/115625\/revisions"}],"predecessor-version":[{"id":115629,"href":"https:\/\/www.sudoestehoje.com.br\/novoportal\/wp-json\/wp\/v2\/posts\/115625\/revisions\/115629"}],"wp:featuredmedia":[{"embeddable":true,"href":"https:\/\/www.sudoestehoje.com.br\/novoportal\/wp-json\/wp\/v2\/media\/115627"}],"wp:attachment":[{"href":"https:\/\/www.sudoestehoje.com.br\/novoportal\/wp-json\/wp\/v2\/media?parent=115625"}],"wp:term":[{"taxonomy":"category","embeddable":true,"href":"https:\/\/www.sudoestehoje.com.br\/novoportal\/wp-json\/wp\/v2\/categories?post=115625"},{"taxonomy":"post_tag","embeddable":true,"href":"https:\/\/www.sudoestehoje.com.br\/novoportal\/wp-json\/wp\/v2\/tags?post=115625"}],"curies":[{"name":"wp","href":"https:\/\/api.w.org\/{rel}","templated":true}]}}