
{"id":115619,"date":"2024-03-07T01:00:01","date_gmt":"2024-03-07T04:00:01","guid":{"rendered":"https:\/\/www.sudoestehoje.com.br\/novoportal\/?p=115619"},"modified":"2024-03-07T19:07:38","modified_gmt":"2024-03-07T22:07:38","slug":"eleicoes-2024-janela-para-troca-de-partido-esta-aberta-ate-5-de-abril","status":"publish","type":"post","link":"https:\/\/www.sudoestehoje.com.br\/novoportal\/2024\/03\/07\/eleicoes-2024-janela-para-troca-de-partido-esta-aberta-ate-5-de-abril\/","title":{"rendered":"ELEI\u00c7\u00d5ES 2024 | JANELA PARA TROCA DE PARTIDO EST\u00c1 ABERTA AT\u00c9 5 DE ABRIL"},"content":{"rendered":"<p><img loading=\"lazy\" decoding=\"async\" class=\"alignnone wp-image-115621\" src=\"https:\/\/www.sudoestehoje.com.br\/novoportal\/wp-content\/uploads\/2024\/03\/montagem-janela-partidaria-848x477-1-600x338.jpg\" alt=\"\" width=\"549\" height=\"309\" srcset=\"https:\/\/www.sudoestehoje.com.br\/novoportal\/wp-content\/uploads\/2024\/03\/montagem-janela-partidaria-848x477-1-600x338.jpg 600w, https:\/\/www.sudoestehoje.com.br\/novoportal\/wp-content\/uploads\/2024\/03\/montagem-janela-partidaria-848x477-1-700x394.jpg 700w, https:\/\/www.sudoestehoje.com.br\/novoportal\/wp-content\/uploads\/2024\/03\/montagem-janela-partidaria-848x477-1-768x432.jpg 768w, https:\/\/www.sudoestehoje.com.br\/novoportal\/wp-content\/uploads\/2024\/03\/montagem-janela-partidaria-848x477-1.jpg 848w\" sizes=\"auto, (max-width: 549px) 100vw, 549px\" \/><\/p>\n<p><strong>De acordo com a legisla\u00e7\u00e3o eleitoral, a chamada &#8216;janela de mar\u00e7o&#8217;, para troca de partido, sem incorrer em infidelidade partid\u00e1ria, est\u00e1 aberta at\u00e9 5 de abril, para quem det\u00e9m cargo eletivo e vai concorrer nas elei\u00e7\u00f5es de outubro deste ano.<\/strong><\/p>\n<p><strong>Na pr\u00e1tica, a janela \u00e9 restrita a quem exerce cargo eletivo (vereador), no per\u00edodo das elei\u00e7\u00f5es municipais, e aos deputados, no per\u00edodo das elei\u00e7\u00f5es estaduais.<\/strong><\/p>\n<p><strong>Em Itapetinga, algumas mudan\u00e7as s\u00e3o esperadas, mas nada que venha alterar o cen\u00e1rio pol\u00edtico de forma impactante, dentro do atual processo.<\/strong><\/p>\n<p><strong>Para trocar de partido, basta o postulante se filiar a outra agremia\u00e7\u00e3o pol\u00edtica, sem necessidade de comunica\u00e7\u00e3o junto ao cart\u00f3rio eleitoral.<\/strong><\/p>\n<p><em><strong>Por Davi Ferraz<\/strong><\/em><\/p>\n","protected":false},"excerpt":{"rendered":"<p>De acordo com a legisla\u00e7\u00e3o eleitoral, a chamada &#8216;janela de mar\u00e7o&#8217;, para troca de partido, sem incorrer em infidelidade partid\u00e1ria, est\u00e1 aberta at\u00e9 5 de abril, para quem det\u00e9m cargo eletivo e vai concorrer nas elei\u00e7\u00f5es de outubro deste ano. Na pr\u00e1tica, a janela \u00e9 restrita a quem exerce cargo eletivo (vereador), no per\u00edodo das [&hellip;]<\/p>\n","protected":false},"author":2,"featured_media":115621,"comment_status":"closed","ping_status":"open","sticky":false,"template":"","format":"standard","meta":{"footnotes":"","_links_to":"","_links_to_target":""},"categories":[1],"tags":[],"class_list":["post-115619","post","type-post","status-publish","format-standard","has-post-thumbnail","hentry","category-geral"],"views":1019,"_links":{"self":[{"href":"https:\/\/www.sudoestehoje.com.br\/novoportal\/wp-json\/wp\/v2\/posts\/115619","targetHints":{"allow":["GET"]}}],"collection":[{"href":"https:\/\/www.sudoestehoje.com.br\/novoportal\/wp-json\/wp\/v2\/posts"}],"about":[{"href":"https:\/\/www.sudoestehoje.com.br\/novoportal\/wp-json\/wp\/v2\/types\/post"}],"author":[{"embeddable":true,"href":"https:\/\/www.sudoestehoje.com.br\/novoportal\/wp-json\/wp\/v2\/users\/2"}],"replies":[{"embeddable":true,"href":"https:\/\/www.sudoestehoje.com.br\/novoportal\/wp-json\/wp\/v2\/comments?post=115619"}],"version-history":[{"count":4,"href":"https:\/\/www.sudoestehoje.com.br\/novoportal\/wp-json\/wp\/v2\/posts\/115619\/revisions"}],"predecessor-version":[{"id":115624,"href":"https:\/\/www.sudoestehoje.com.br\/novoportal\/wp-json\/wp\/v2\/posts\/115619\/revisions\/115624"}],"wp:featuredmedia":[{"embeddable":true,"href":"https:\/\/www.sudoestehoje.com.br\/novoportal\/wp-json\/wp\/v2\/media\/115621"}],"wp:attachment":[{"href":"https:\/\/www.sudoestehoje.com.br\/novoportal\/wp-json\/wp\/v2\/media?parent=115619"}],"wp:term":[{"taxonomy":"category","embeddable":true,"href":"https:\/\/www.sudoestehoje.com.br\/novoportal\/wp-json\/wp\/v2\/categories?post=115619"},{"taxonomy":"post_tag","embeddable":true,"href":"https:\/\/www.sudoestehoje.com.br\/novoportal\/wp-json\/wp\/v2\/tags?post=115619"}],"curies":[{"name":"wp","href":"https:\/\/api.w.org\/{rel}","templated":true}]}}