
{"id":115597,"date":"2024-03-06T08:44:51","date_gmt":"2024-03-06T11:44:51","guid":{"rendered":"https:\/\/www.sudoestehoje.com.br\/novoportal\/?p=115597"},"modified":"2024-03-06T08:48:13","modified_gmt":"2024-03-06T11:48:13","slug":"itapetinga-a-agonia-dos-vereadores-da-oposicao-que-rosemberg-janelou","status":"publish","type":"post","link":"https:\/\/www.sudoestehoje.com.br\/novoportal\/2024\/03\/06\/itapetinga-a-agonia-dos-vereadores-da-oposicao-que-rosemberg-janelou\/","title":{"rendered":"ITAPETINGA | SEGUE A AGONIA DOS VEREADORES DA OPOSI\u00c7\u00c3O QUE ROSEMBERG &#8216;JANELOU&#8217;"},"content":{"rendered":"<p><img loading=\"lazy\" decoding=\"async\" class=\"alignnone wp-image-115600\" src=\"https:\/\/www.sudoestehoje.com.br\/novoportal\/wp-content\/uploads\/2024\/03\/PhotoCollage_20230808_134307840-1-600x401.jpg\" alt=\"\" width=\"551\" height=\"368\" srcset=\"https:\/\/www.sudoestehoje.com.br\/novoportal\/wp-content\/uploads\/2024\/03\/PhotoCollage_20230808_134307840-1-600x401.jpg 600w, https:\/\/www.sudoestehoje.com.br\/novoportal\/wp-content\/uploads\/2024\/03\/PhotoCollage_20230808_134307840-1-700x468.jpg 700w, https:\/\/www.sudoestehoje.com.br\/novoportal\/wp-content\/uploads\/2024\/03\/PhotoCollage_20230808_134307840-1-768x514.jpg 768w, https:\/\/www.sudoestehoje.com.br\/novoportal\/wp-content\/uploads\/2024\/03\/PhotoCollage_20230808_134307840-1.jpg 1000w\" sizes=\"auto, (max-width: 551px) 100vw, 551px\" \/><\/p>\n<p><strong>Desde que foram &#8216;janelados&#8217; pelo deputado Rosemberg Pinto (PT), os vereadores da base do governo do estado Tiquinho Nogueira e Valdeir Chagas entraram em processo de &#8216;agonia pol\u00edtica&#8217; e correm s\u00e9rio risco de ficarem sem legenda para disputar a reelei\u00e7\u00e3o a que t\u00eam direito, de acordo com a legisla\u00e7\u00e3o eleitoral.<\/strong><\/p>\n<p><strong>Segundo Rosemberg, a filia\u00e7\u00e3o dos vereadores ao PV &#8220;atrapalha&#8221; os candidatos do seu partido, o PT, vez que est\u00e3o na mesma federa\u00e7\u00e3o partid\u00e1ria e poder\u00e3o concorrer com seus protegidos, Sibele Nery e Sidney Mendes, j\u00e1 que a expectativa do grupo \u00e9 eleger de 1 a 2 vereadores.\u00a0<\/strong><\/p>\n<p><strong>Tiquinho chiou, mas pouco adiantou, criando um impasse que pode afastar, ele e Valdeir, da oposi\u00e7\u00e3o ao prefeito Rodrigo Hagge (MDB), que tem como pr\u00e9-candidato o fort\u00edssimo Eduardo Hagge.<\/strong><\/p>\n<p><strong>At\u00e9 5 de abril, quando encerra a janela para troca de partido, a agonia dos vereadores rejeitados deve continuar, a n\u00e3o ser que alguma solu\u00e7\u00e3o milagrosa seja encontrada para salvar da degola os vereadores &#8216;janelados&#8217;.<\/strong><\/p>\n<p><strong>Tiquinho e Valdeir ainda s\u00e3o filiados ao PDT e j\u00e1 foram convidados a continuar, pelo colega Juscelino Gomes, suplente em exerc\u00edcio do mandato.<\/strong><\/p>\n<p><strong>Por Davi Ferraz<\/strong><\/p>\n","protected":false},"excerpt":{"rendered":"<p>Desde que foram &#8216;janelados&#8217; pelo deputado Rosemberg Pinto (PT), os vereadores da base do governo do estado Tiquinho Nogueira e Valdeir Chagas entraram em processo de &#8216;agonia pol\u00edtica&#8217; e correm s\u00e9rio risco de ficarem sem legenda para disputar a reelei\u00e7\u00e3o a que t\u00eam direito, de acordo com a legisla\u00e7\u00e3o eleitoral. Segundo Rosemberg, a filia\u00e7\u00e3o dos [&hellip;]<\/p>\n","protected":false},"author":2,"featured_media":115600,"comment_status":"closed","ping_status":"open","sticky":false,"template":"","format":"standard","meta":{"footnotes":"","_links_to":"","_links_to_target":""},"categories":[1],"tags":[],"class_list":["post-115597","post","type-post","status-publish","format-standard","has-post-thumbnail","hentry","category-geral"],"views":1086,"_links":{"self":[{"href":"https:\/\/www.sudoestehoje.com.br\/novoportal\/wp-json\/wp\/v2\/posts\/115597","targetHints":{"allow":["GET"]}}],"collection":[{"href":"https:\/\/www.sudoestehoje.com.br\/novoportal\/wp-json\/wp\/v2\/posts"}],"about":[{"href":"https:\/\/www.sudoestehoje.com.br\/novoportal\/wp-json\/wp\/v2\/types\/post"}],"author":[{"embeddable":true,"href":"https:\/\/www.sudoestehoje.com.br\/novoportal\/wp-json\/wp\/v2\/users\/2"}],"replies":[{"embeddable":true,"href":"https:\/\/www.sudoestehoje.com.br\/novoportal\/wp-json\/wp\/v2\/comments?post=115597"}],"version-history":[{"count":6,"href":"https:\/\/www.sudoestehoje.com.br\/novoportal\/wp-json\/wp\/v2\/posts\/115597\/revisions"}],"predecessor-version":[{"id":115605,"href":"https:\/\/www.sudoestehoje.com.br\/novoportal\/wp-json\/wp\/v2\/posts\/115597\/revisions\/115605"}],"wp:featuredmedia":[{"embeddable":true,"href":"https:\/\/www.sudoestehoje.com.br\/novoportal\/wp-json\/wp\/v2\/media\/115600"}],"wp:attachment":[{"href":"https:\/\/www.sudoestehoje.com.br\/novoportal\/wp-json\/wp\/v2\/media?parent=115597"}],"wp:term":[{"taxonomy":"category","embeddable":true,"href":"https:\/\/www.sudoestehoje.com.br\/novoportal\/wp-json\/wp\/v2\/categories?post=115597"},{"taxonomy":"post_tag","embeddable":true,"href":"https:\/\/www.sudoestehoje.com.br\/novoportal\/wp-json\/wp\/v2\/tags?post=115597"}],"curies":[{"name":"wp","href":"https:\/\/api.w.org\/{rel}","templated":true}]}}