
{"id":115593,"date":"2024-03-05T19:52:02","date_gmt":"2024-03-05T22:52:02","guid":{"rendered":"https:\/\/www.sudoestehoje.com.br\/novoportal\/?p=115593"},"modified":"2024-03-05T19:52:02","modified_gmt":"2024-03-05T22:52:02","slug":"vitoria-da-conquista-registra-2a-morte-por-dengue-bahia-chegou-a-9-mortes","status":"publish","type":"post","link":"https:\/\/www.sudoestehoje.com.br\/novoportal\/2024\/03\/05\/vitoria-da-conquista-registra-2a-morte-por-dengue-bahia-chegou-a-9-mortes\/","title":{"rendered":"VIT\u00d3RIA DA CONQUISTA REGISTRA 2\u00aa MORTE POR DENGUE; BAHIA CHEGOU A 9 MORTES"},"content":{"rendered":"<p><img loading=\"lazy\" decoding=\"async\" class=\"alignnone  wp-image-115595\" src=\"https:\/\/www.sudoestehoje.com.br\/novoportal\/wp-content\/uploads\/2024\/03\/64-img_4275-600x386.jpeg\" alt=\"\" width=\"550\" height=\"354\" srcset=\"https:\/\/www.sudoestehoje.com.br\/novoportal\/wp-content\/uploads\/2024\/03\/64-img_4275-600x386.jpeg 600w, https:\/\/www.sudoestehoje.com.br\/novoportal\/wp-content\/uploads\/2024\/03\/64-img_4275-700x450.jpeg 700w, https:\/\/www.sudoestehoje.com.br\/novoportal\/wp-content\/uploads\/2024\/03\/64-img_4275-768x493.jpeg 768w, https:\/\/www.sudoestehoje.com.br\/novoportal\/wp-content\/uploads\/2024\/03\/64-img_4275.jpeg 800w\" sizes=\"auto, (max-width: 550px) 100vw, 550px\" \/><\/p>\n<p><strong>A\u00a0<b>Bahia<\/b>\u00a0registrou a 9\u00ba morte por dengue em 2024. A informa\u00e7\u00e3o foi confirmada pela Secretaria da\u00a0<b>Sa\u00fade<\/b>\u00a0do Estado da Bahia (Sesab) nesta ter\u00e7a-feira (5). Segundo o informativo da pasta, a v\u00edtima morava em\u00a0<b>Vit\u00f3ria da Conquista, que j\u00e1 soma duas mortes causadas pela dengue e j\u00e1 registrou 1.560 casos at\u00e9 a s\u00e9tima semana epidemiol\u00f3gica de 2024,<\/b><\/strong><\/p>\n<p><strong> A identidade da v\u00edtima n\u00e3o foi revelada pelo \u00f3rg\u00e3o de sa\u00fade. Esta \u00e9 a segunda morte da doen\u00e7a na cidade. <\/strong><\/p>\n<p><strong>Os outros sete \u00f3bitos registrados aconteceram em\u00a0<b>Jacaraci<\/b>\u00a0(2),\u00a0<b>Pirip\u00e1<\/b>, Irec\u00ea, Feira de Santana, Barra do Cho\u00e7a e\u00a0<b>Ibiassuc\u00ea<\/b>. De acordo com a Diretoria de Vigil\u00e2ncia Epidemiol\u00f3gica (Divep) da Sesab, ao todo, 122 munic\u00edpios baianos est\u00e3o em estado de epidemia. <\/strong><\/p>\n<p><strong>Outros 51 est\u00e3o em risco e 34 em alerta. S\u00e3o 29.982 casos prov\u00e1veis at\u00e9 o dia 2 de mar\u00e7o de 2024, marcando um aumento de 209,3 % em compara\u00e7\u00e3o ao mesmo per\u00edodo do ano anterior.<\/strong><\/p>\n","protected":false},"excerpt":{"rendered":"<p>A\u00a0Bahia\u00a0registrou a 9\u00ba morte por dengue em 2024. A informa\u00e7\u00e3o foi confirmada pela Secretaria da\u00a0Sa\u00fade\u00a0do Estado da Bahia (Sesab) nesta ter\u00e7a-feira (5). Segundo o informativo da pasta, a v\u00edtima morava em\u00a0Vit\u00f3ria da Conquista, que j\u00e1 soma duas mortes causadas pela dengue e j\u00e1 registrou 1.560 casos at\u00e9 a s\u00e9tima semana epidemiol\u00f3gica de 2024, A identidade [&hellip;]<\/p>\n","protected":false},"author":2,"featured_media":115595,"comment_status":"closed","ping_status":"open","sticky":false,"template":"","format":"standard","meta":{"footnotes":"","_links_to":"","_links_to_target":""},"categories":[1],"tags":[],"class_list":["post-115593","post","type-post","status-publish","format-standard","has-post-thumbnail","hentry","category-geral"],"views":588,"_links":{"self":[{"href":"https:\/\/www.sudoestehoje.com.br\/novoportal\/wp-json\/wp\/v2\/posts\/115593","targetHints":{"allow":["GET"]}}],"collection":[{"href":"https:\/\/www.sudoestehoje.com.br\/novoportal\/wp-json\/wp\/v2\/posts"}],"about":[{"href":"https:\/\/www.sudoestehoje.com.br\/novoportal\/wp-json\/wp\/v2\/types\/post"}],"author":[{"embeddable":true,"href":"https:\/\/www.sudoestehoje.com.br\/novoportal\/wp-json\/wp\/v2\/users\/2"}],"replies":[{"embeddable":true,"href":"https:\/\/www.sudoestehoje.com.br\/novoportal\/wp-json\/wp\/v2\/comments?post=115593"}],"version-history":[{"count":2,"href":"https:\/\/www.sudoestehoje.com.br\/novoportal\/wp-json\/wp\/v2\/posts\/115593\/revisions"}],"predecessor-version":[{"id":115596,"href":"https:\/\/www.sudoestehoje.com.br\/novoportal\/wp-json\/wp\/v2\/posts\/115593\/revisions\/115596"}],"wp:featuredmedia":[{"embeddable":true,"href":"https:\/\/www.sudoestehoje.com.br\/novoportal\/wp-json\/wp\/v2\/media\/115595"}],"wp:attachment":[{"href":"https:\/\/www.sudoestehoje.com.br\/novoportal\/wp-json\/wp\/v2\/media?parent=115593"}],"wp:term":[{"taxonomy":"category","embeddable":true,"href":"https:\/\/www.sudoestehoje.com.br\/novoportal\/wp-json\/wp\/v2\/categories?post=115593"},{"taxonomy":"post_tag","embeddable":true,"href":"https:\/\/www.sudoestehoje.com.br\/novoportal\/wp-json\/wp\/v2\/tags?post=115593"}],"curies":[{"name":"wp","href":"https:\/\/api.w.org\/{rel}","templated":true}]}}