
{"id":115589,"date":"2024-03-05T19:34:02","date_gmt":"2024-03-05T22:34:02","guid":{"rendered":"https:\/\/www.sudoestehoje.com.br\/novoportal\/?p=115589"},"modified":"2024-03-05T19:34:02","modified_gmt":"2024-03-05T22:34:02","slug":"salvador-bolsonaro-participara-de-ato-com-pre-candidatos-do-pl-na-proxima-quinta","status":"publish","type":"post","link":"https:\/\/www.sudoestehoje.com.br\/novoportal\/2024\/03\/05\/salvador-bolsonaro-participara-de-ato-com-pre-candidatos-do-pl-na-proxima-quinta\/","title":{"rendered":"SALVADOR | BOLSONARO PARTICIPAR\u00c1 DE ATO COM PR\u00c9-CANDIDATOS DO PL NA PR\u00d3XIMA QUINTA"},"content":{"rendered":"<p><strong><img loading=\"lazy\" decoding=\"async\" class=\"alignnone  wp-image-115590\" src=\"https:\/\/www.sudoestehoje.com.br\/novoportal\/wp-content\/uploads\/2024\/03\/2-24-768x403-1-600x315.webp\" alt=\"\" width=\"550\" height=\"289\" srcset=\"https:\/\/www.sudoestehoje.com.br\/novoportal\/wp-content\/uploads\/2024\/03\/2-24-768x403-1-600x315.webp 600w, https:\/\/www.sudoestehoje.com.br\/novoportal\/wp-content\/uploads\/2024\/03\/2-24-768x403-1-700x367.webp 700w, https:\/\/www.sudoestehoje.com.br\/novoportal\/wp-content\/uploads\/2024\/03\/2-24-768x403-1.webp 768w\" sizes=\"auto, (max-width: 550px) 100vw, 550px\" \/><\/strong><\/p>\n<p><strong>O ex-presidente Jair Bolsonaro (PL) estar\u00e1 em Salvador, a partir da pr\u00f3xima sexta-feira (8). Ele chegar\u00e1 no Aeroporto da capital baiana, a partir das 11h Em seguida, no per\u00edodo da tarde, o ex-presidente estar\u00e1 participando de um ato ao lado de pr\u00e9-candidatos do PL para as elei\u00e7\u00f5es municipais de outubro. O evento ser\u00e1 aberto ao p\u00fablico na Igreja Batista Caminho das \u00c1rvores, no Itaigara.<\/strong><\/p>\n<p><strong>O an\u00fancio da programa\u00e7\u00e3o de Bolsonaro em Salvador foi feito nesta ter\u00e7a-feira (5) pelo presidente do PL estadual, Jo\u00e3o Roma. \u201dL\u00e1 na igreja, o presidente Bolsonaro vai receber nossos filiados, simpatizantes, e vai colocar o que ele tem colocado para o Brasil inteiro\u201d, disse Roma.<\/strong><\/p>\n<p><strong>J\u00e1 no s\u00e1bado (9), o ex-presidente da Rep\u00fablica participar\u00e1 di evento PL Mulher, no\u00a0 no Centro de Conven\u00e7\u00f5es de Salvador, na Boca do Rio, ao lado da ex-primeira-dama Michelle Bolsonaro. \u201dO evento do PL Mulher contar\u00e1 tamb\u00e9m com a participa\u00e7\u00e3o do presidente Bolsonaro. Essa vinda do presidente \u00e0 Bahia \u00e9 muito esperada, pois mostra que n\u00e3o temos somente uma grande massa aqui que \u00e9 conduzida pela esquerda\u201d, disse Roma.\u00a0 Na ocasi\u00e3o, o PL deve eleger quatro vereadores na capital baiana.<\/strong><\/p>\n","protected":false},"excerpt":{"rendered":"<p>O ex-presidente Jair Bolsonaro (PL) estar\u00e1 em Salvador, a partir da pr\u00f3xima sexta-feira (8). Ele chegar\u00e1 no Aeroporto da capital baiana, a partir das 11h Em seguida, no per\u00edodo da tarde, o ex-presidente estar\u00e1 participando de um ato ao lado de pr\u00e9-candidatos do PL para as elei\u00e7\u00f5es municipais de outubro. O evento ser\u00e1 aberto ao [&hellip;]<\/p>\n","protected":false},"author":2,"featured_media":115590,"comment_status":"closed","ping_status":"open","sticky":false,"template":"","format":"standard","meta":{"footnotes":"","_links_to":"","_links_to_target":""},"categories":[1],"tags":[],"class_list":["post-115589","post","type-post","status-publish","format-standard","has-post-thumbnail","hentry","category-geral"],"views":737,"_links":{"self":[{"href":"https:\/\/www.sudoestehoje.com.br\/novoportal\/wp-json\/wp\/v2\/posts\/115589","targetHints":{"allow":["GET"]}}],"collection":[{"href":"https:\/\/www.sudoestehoje.com.br\/novoportal\/wp-json\/wp\/v2\/posts"}],"about":[{"href":"https:\/\/www.sudoestehoje.com.br\/novoportal\/wp-json\/wp\/v2\/types\/post"}],"author":[{"embeddable":true,"href":"https:\/\/www.sudoestehoje.com.br\/novoportal\/wp-json\/wp\/v2\/users\/2"}],"replies":[{"embeddable":true,"href":"https:\/\/www.sudoestehoje.com.br\/novoportal\/wp-json\/wp\/v2\/comments?post=115589"}],"version-history":[{"count":1,"href":"https:\/\/www.sudoestehoje.com.br\/novoportal\/wp-json\/wp\/v2\/posts\/115589\/revisions"}],"predecessor-version":[{"id":115591,"href":"https:\/\/www.sudoestehoje.com.br\/novoportal\/wp-json\/wp\/v2\/posts\/115589\/revisions\/115591"}],"wp:featuredmedia":[{"embeddable":true,"href":"https:\/\/www.sudoestehoje.com.br\/novoportal\/wp-json\/wp\/v2\/media\/115590"}],"wp:attachment":[{"href":"https:\/\/www.sudoestehoje.com.br\/novoportal\/wp-json\/wp\/v2\/media?parent=115589"}],"wp:term":[{"taxonomy":"category","embeddable":true,"href":"https:\/\/www.sudoestehoje.com.br\/novoportal\/wp-json\/wp\/v2\/categories?post=115589"},{"taxonomy":"post_tag","embeddable":true,"href":"https:\/\/www.sudoestehoje.com.br\/novoportal\/wp-json\/wp\/v2\/tags?post=115589"}],"curies":[{"name":"wp","href":"https:\/\/api.w.org\/{rel}","templated":true}]}}