
{"id":115580,"date":"2024-03-05T18:06:20","date_gmt":"2024-03-05T21:06:20","guid":{"rendered":"https:\/\/www.sudoestehoje.com.br\/novoportal\/?p=115580"},"modified":"2024-03-05T18:06:20","modified_gmt":"2024-03-05T21:06:20","slug":"conquista-incendio-em-caminhao-tanque-deixa-motorista-carbonizado-na-br-116","status":"publish","type":"post","link":"https:\/\/www.sudoestehoje.com.br\/novoportal\/2024\/03\/05\/conquista-incendio-em-caminhao-tanque-deixa-motorista-carbonizado-na-br-116\/","title":{"rendered":"CONQUISTA | INC\u00caNDIO EM CAMINH\u00c3O TANQUE DEIXA MOTORISTA CARBONIZADO NA BR-116"},"content":{"rendered":"<p><img loading=\"lazy\" decoding=\"async\" class=\"alignnone  wp-image-115582\" src=\"https:\/\/www.sudoestehoje.com.br\/novoportal\/wp-content\/uploads\/2024\/03\/incendio-br116-e1709662017996-600x314.jpeg\" alt=\"\" width=\"550\" height=\"288\" srcset=\"https:\/\/www.sudoestehoje.com.br\/novoportal\/wp-content\/uploads\/2024\/03\/incendio-br116-e1709662017996-600x314.jpeg 600w, https:\/\/www.sudoestehoje.com.br\/novoportal\/wp-content\/uploads\/2024\/03\/incendio-br116-e1709662017996-700x367.jpeg 700w, https:\/\/www.sudoestehoje.com.br\/novoportal\/wp-content\/uploads\/2024\/03\/incendio-br116-e1709662017996-768x403.jpeg 768w, https:\/\/www.sudoestehoje.com.br\/novoportal\/wp-content\/uploads\/2024\/03\/incendio-br116-e1709662017996.jpeg 1284w\" sizes=\"auto, (max-width: 550px) 100vw, 550px\" \/><\/p>\n<p><strong>Na tarde desta segunda-feira (4), equipes do 7\u00b0 Batalh\u00e3o de Bombeiros Militar (7\u00b0 BBM) em Vit\u00f3ria da Conquista responderam a um grave acidente envolvendo um caminh\u00e3o tanque transportando g\u00e1s liquefeito de petr\u00f3leo (GLP). O incidente ocorreu no KM 840 da BR-116, pr\u00f3ximo ao Posto Fiscal, quando o caminh\u00e3o colidiu com uma carreta bitrem, resultando em um inc\u00eandio.<\/strong><\/p>\n<p><strong>Os bombeiros agiram rapidamente para combater as chamas e\u00a0resgatar o motorista, que ficou preso nas ferragens e acabou carbonizado.\u00a0Utilizando t\u00e9cnicas especializadas de combate a inc\u00eandios em produtos perigosos, como jato neblina e aplica\u00e7\u00e3o de espuma mec\u00e2nica,\u00a0conseguiram minimizar os riscos de propaga\u00e7\u00e3o das chamas e debelar o inc\u00eandio.<\/strong><\/p>\n<p><strong>Para conter o vazamento do GLP,\u00a0foi necess\u00e1rio fechar o registro de sa\u00edda do g\u00e1s.\u00a0Durante toda a opera\u00e7\u00e3o, a temperatura do tanque foi monitorada utilizando uma c\u00e2mera t\u00e9rmica,\u00a0mantendo-se est\u00e1vel em cerca de 48\u00b0C.<\/strong><\/p>\n<p><strong>Al\u00e9m do caminh\u00e3o tanque,\u00a0o acidente tamb\u00e9m envolveu uma caminhonete que ficou completamente carbonizada.\u00a0Ap\u00f3s o t\u00e9rmino do combate \u00e0s chamas, uma das equipes permaneceu no local para oferecer suporte e atuar de forma preventiva at\u00e9 a chegada da empresa respons\u00e1vel pelo produto.<\/strong><\/p>\n","protected":false},"excerpt":{"rendered":"<p>Na tarde desta segunda-feira (4), equipes do 7\u00b0 Batalh\u00e3o de Bombeiros Militar (7\u00b0 BBM) em Vit\u00f3ria da Conquista responderam a um grave acidente envolvendo um caminh\u00e3o tanque transportando g\u00e1s liquefeito de petr\u00f3leo (GLP). O incidente ocorreu no KM 840 da BR-116, pr\u00f3ximo ao Posto Fiscal, quando o caminh\u00e3o colidiu com uma carreta bitrem, resultando em [&hellip;]<\/p>\n","protected":false},"author":2,"featured_media":115582,"comment_status":"closed","ping_status":"open","sticky":false,"template":"","format":"standard","meta":{"footnotes":"","_links_to":"","_links_to_target":""},"categories":[1],"tags":[],"class_list":["post-115580","post","type-post","status-publish","format-standard","has-post-thumbnail","hentry","category-geral"],"views":1432,"_links":{"self":[{"href":"https:\/\/www.sudoestehoje.com.br\/novoportal\/wp-json\/wp\/v2\/posts\/115580","targetHints":{"allow":["GET"]}}],"collection":[{"href":"https:\/\/www.sudoestehoje.com.br\/novoportal\/wp-json\/wp\/v2\/posts"}],"about":[{"href":"https:\/\/www.sudoestehoje.com.br\/novoportal\/wp-json\/wp\/v2\/types\/post"}],"author":[{"embeddable":true,"href":"https:\/\/www.sudoestehoje.com.br\/novoportal\/wp-json\/wp\/v2\/users\/2"}],"replies":[{"embeddable":true,"href":"https:\/\/www.sudoestehoje.com.br\/novoportal\/wp-json\/wp\/v2\/comments?post=115580"}],"version-history":[{"count":2,"href":"https:\/\/www.sudoestehoje.com.br\/novoportal\/wp-json\/wp\/v2\/posts\/115580\/revisions"}],"predecessor-version":[{"id":115583,"href":"https:\/\/www.sudoestehoje.com.br\/novoportal\/wp-json\/wp\/v2\/posts\/115580\/revisions\/115583"}],"wp:featuredmedia":[{"embeddable":true,"href":"https:\/\/www.sudoestehoje.com.br\/novoportal\/wp-json\/wp\/v2\/media\/115582"}],"wp:attachment":[{"href":"https:\/\/www.sudoestehoje.com.br\/novoportal\/wp-json\/wp\/v2\/media?parent=115580"}],"wp:term":[{"taxonomy":"category","embeddable":true,"href":"https:\/\/www.sudoestehoje.com.br\/novoportal\/wp-json\/wp\/v2\/categories?post=115580"},{"taxonomy":"post_tag","embeddable":true,"href":"https:\/\/www.sudoestehoje.com.br\/novoportal\/wp-json\/wp\/v2\/tags?post=115580"}],"curies":[{"name":"wp","href":"https:\/\/api.w.org\/{rel}","templated":true}]}}