
{"id":115537,"date":"2024-03-01T23:41:14","date_gmt":"2024-03-02T02:41:14","guid":{"rendered":"https:\/\/www.sudoestehoje.com.br\/novoportal\/?p=115537"},"modified":"2024-03-01T23:50:59","modified_gmt":"2024-03-02T02:50:59","slug":"luto-morre-jennifer-wailes-aos-70-anos","status":"publish","type":"post","link":"https:\/\/www.sudoestehoje.com.br\/novoportal\/2024\/03\/01\/luto-morre-jennifer-wailes-aos-70-anos\/","title":{"rendered":"LUTO | MORRE JENNIFER WAILES, AOS 70 ANOS"},"content":{"rendered":"<p><img loading=\"lazy\" decoding=\"async\" class=\"alignnone wp-image-115540\" src=\"https:\/\/www.sudoestehoje.com.br\/novoportal\/wp-content\/uploads\/2024\/03\/b660ce9f-04e1-4757-9635-4023b45a6073-600x534.jpg\" alt=\"\" width=\"549\" height=\"489\" srcset=\"https:\/\/www.sudoestehoje.com.br\/novoportal\/wp-content\/uploads\/2024\/03\/b660ce9f-04e1-4757-9635-4023b45a6073-600x534.jpg 600w, https:\/\/www.sudoestehoje.com.br\/novoportal\/wp-content\/uploads\/2024\/03\/b660ce9f-04e1-4757-9635-4023b45a6073-700x623.jpg 700w, https:\/\/www.sudoestehoje.com.br\/novoportal\/wp-content\/uploads\/2024\/03\/b660ce9f-04e1-4757-9635-4023b45a6073.jpg 768w\" sizes=\"auto, (max-width: 549px) 100vw, 549px\" \/><\/p>\n<p><strong>Comunicamos, com muito pesar, o falecimento de Jennifer Wailes, moradora de Itapetinga, aos 70 anos. O falecimento aconteceu na noite desta sexta-feira (1\u00ba de mar\u00e7o), em consequ\u00eancia de um infarto sofrido durante a madrugada.<\/strong><\/p>\n<p><strong>Internada no Hospital Cristo Redentor, Jennifer veio a falecer enquanto aguardava a libera\u00e7\u00e3o de uma UTI M\u00f3vel pelo seu plano de sa\u00fade, que deveria lev\u00e1-la para uma unidade hospitalar especializada, em Vit\u00f3ria da Conquista.<\/strong><\/p>\n<p><strong>Entretanto, no momento em que a UTI M\u00f3vel chegava no HCR, ela foi v\u00edtima de mais duas paradas card\u00edacas e n\u00e3o resistiu.<\/strong><\/p>\n<p><strong>Jennifer era muito querida em Itapetinga, deixando os filhos Allan Wailles de Holanda Cavalcanti, Joan Wailes de Holanda Cavalcanti e Barbra Wailes S\u00e1 da Nova, al\u00e9m dos netos J\u00falia Wailes Almeida Sa da Nova e Mauricio Wailes Almeida Nova.<\/strong><\/p>\n<p><strong>O Sudoeste Hoje lamenta a passagem da amiga Jennifer e transmite todo o seu pesar \u00e0 fam\u00edlia enlutada.<\/strong><\/p>\n<p><strong>O vel\u00f3rio ser\u00e1 no Cerimonial Pax Perfei\u00e7\u00e3o, a partir da manh\u00e3 deste s\u00e1bado (2), com sepultamento previsto para o final da tarde.<\/strong><\/p>\n<p><strong>Davi Ferraz &#8211; Editor<\/strong><\/p>\n","protected":false},"excerpt":{"rendered":"<p>Comunicamos, com muito pesar, o falecimento de Jennifer Wailes, moradora de Itapetinga, aos 70 anos. O falecimento aconteceu na noite desta sexta-feira (1\u00ba de mar\u00e7o), em consequ\u00eancia de um infarto sofrido durante a madrugada. Internada no Hospital Cristo Redentor, Jennifer veio a falecer enquanto aguardava a libera\u00e7\u00e3o de uma UTI M\u00f3vel pelo seu plano de [&hellip;]<\/p>\n","protected":false},"author":2,"featured_media":115540,"comment_status":"closed","ping_status":"open","sticky":false,"template":"","format":"standard","meta":{"footnotes":"","_links_to":"","_links_to_target":""},"categories":[1],"tags":[],"class_list":["post-115537","post","type-post","status-publish","format-standard","has-post-thumbnail","hentry","category-geral"],"views":2424,"_links":{"self":[{"href":"https:\/\/www.sudoestehoje.com.br\/novoportal\/wp-json\/wp\/v2\/posts\/115537","targetHints":{"allow":["GET"]}}],"collection":[{"href":"https:\/\/www.sudoestehoje.com.br\/novoportal\/wp-json\/wp\/v2\/posts"}],"about":[{"href":"https:\/\/www.sudoestehoje.com.br\/novoportal\/wp-json\/wp\/v2\/types\/post"}],"author":[{"embeddable":true,"href":"https:\/\/www.sudoestehoje.com.br\/novoportal\/wp-json\/wp\/v2\/users\/2"}],"replies":[{"embeddable":true,"href":"https:\/\/www.sudoestehoje.com.br\/novoportal\/wp-json\/wp\/v2\/comments?post=115537"}],"version-history":[{"count":5,"href":"https:\/\/www.sudoestehoje.com.br\/novoportal\/wp-json\/wp\/v2\/posts\/115537\/revisions"}],"predecessor-version":[{"id":115543,"href":"https:\/\/www.sudoestehoje.com.br\/novoportal\/wp-json\/wp\/v2\/posts\/115537\/revisions\/115543"}],"wp:featuredmedia":[{"embeddable":true,"href":"https:\/\/www.sudoestehoje.com.br\/novoportal\/wp-json\/wp\/v2\/media\/115540"}],"wp:attachment":[{"href":"https:\/\/www.sudoestehoje.com.br\/novoportal\/wp-json\/wp\/v2\/media?parent=115537"}],"wp:term":[{"taxonomy":"category","embeddable":true,"href":"https:\/\/www.sudoestehoje.com.br\/novoportal\/wp-json\/wp\/v2\/categories?post=115537"},{"taxonomy":"post_tag","embeddable":true,"href":"https:\/\/www.sudoestehoje.com.br\/novoportal\/wp-json\/wp\/v2\/tags?post=115537"}],"curies":[{"name":"wp","href":"https:\/\/api.w.org\/{rel}","templated":true}]}}