
{"id":115521,"date":"2024-03-01T09:36:05","date_gmt":"2024-03-01T12:36:05","guid":{"rendered":"https:\/\/www.sudoestehoje.com.br\/novoportal\/?p=115521"},"modified":"2024-03-01T09:41:17","modified_gmt":"2024-03-01T12:41:17","slug":"educacao-caotica-mec-mentem-suspensao-de-12-cursos-ead-em-todo-o-brasil","status":"publish","type":"post","link":"https:\/\/www.sudoestehoje.com.br\/novoportal\/2024\/03\/01\/educacao-caotica-mec-mentem-suspensao-de-12-cursos-ead-em-todo-o-brasil\/","title":{"rendered":"EDUCA\u00c7\u00c3O CA\u00d3TICA | MEC MENT\u00c9M SUSPENS\u00c3O DE 12 CURSOS EaD EM TODO O BRASIL"},"content":{"rendered":"<p data-sourcepos=\"3:1-3:191\"><img loading=\"lazy\" decoding=\"async\" class=\"alignnone wp-image-115522\" src=\"https:\/\/www.sudoestehoje.com.br\/novoportal\/wp-content\/uploads\/2024\/03\/como-gerenciar-da-melhor-maneira-as-aulas-EAD-1024x683-1-e1701425709142-600x401.webp\" alt=\"\" width=\"549\" height=\"367\" srcset=\"https:\/\/www.sudoestehoje.com.br\/novoportal\/wp-content\/uploads\/2024\/03\/como-gerenciar-da-melhor-maneira-as-aulas-EAD-1024x683-1-e1701425709142-600x401.webp 600w, https:\/\/www.sudoestehoje.com.br\/novoportal\/wp-content\/uploads\/2024\/03\/como-gerenciar-da-melhor-maneira-as-aulas-EAD-1024x683-1-e1701425709142.webp 650w\" sizes=\"auto, (max-width: 549px) 100vw, 549px\" \/><\/p>\n<p data-sourcepos=\"3:1-3:191\"><strong>A decis\u00e3o do Minist\u00e9rio da Educa\u00e7\u00e3o (MEC) de suspender 12 cursos de gradua\u00e7\u00e3o na modalidade EaD (Educa\u00e7\u00e3o \u00e0 Dist\u00e2ncia) foi prorrogada por mais 90 dias a partir de 29 de fevereiro de 2024.\u00a0A medida afeta cursos como farm\u00e1cia, nutri\u00e7\u00e3o, educa\u00e7\u00e3o f\u00edsica e fisioterapia, impactando milhares de estudantes em todo o pa\u00eds.<\/strong><\/p>\n<p data-sourcepos=\"7:1-7:186\"><strong>Dados da NumbersTalk, com base no censo do Inep de 2022, revelam que 358.513 estudantes conclu\u00edram o ensino superior \u00e0 dist\u00e2ncia nas \u00e1reas agora restritas pelo MEC entre 2018 e 2022.<\/strong><\/p>\n<p data-sourcepos=\"9:1-9:118\"><strong>As regi\u00f5es mais afetadas pela suspens\u00e3o s\u00e3o o Nordeste (56.691 graduados), o Sudeste (175.000) e o Norte (46.095).\u00a0A EaD Inclui estima que 450 mil estudantes ser\u00e3o impactados nos pr\u00f3ximos 5 anos, impedindo-os de se formar em \u00e1reas consideradas essenciais para a sociedade.<\/strong><\/p>\n","protected":false},"excerpt":{"rendered":"<p>A decis\u00e3o do Minist\u00e9rio da Educa\u00e7\u00e3o (MEC) de suspender 12 cursos de gradua\u00e7\u00e3o na modalidade EaD (Educa\u00e7\u00e3o \u00e0 Dist\u00e2ncia) foi prorrogada por mais 90 dias a partir de 29 de fevereiro de 2024.\u00a0A medida afeta cursos como farm\u00e1cia, nutri\u00e7\u00e3o, educa\u00e7\u00e3o f\u00edsica e fisioterapia, impactando milhares de estudantes em todo o pa\u00eds. Dados da NumbersTalk, com [&hellip;]<\/p>\n","protected":false},"author":2,"featured_media":115522,"comment_status":"closed","ping_status":"open","sticky":false,"template":"","format":"standard","meta":{"footnotes":"","_links_to":"","_links_to_target":""},"categories":[1],"tags":[],"class_list":["post-115521","post","type-post","status-publish","format-standard","has-post-thumbnail","hentry","category-geral"],"views":521,"_links":{"self":[{"href":"https:\/\/www.sudoestehoje.com.br\/novoportal\/wp-json\/wp\/v2\/posts\/115521","targetHints":{"allow":["GET"]}}],"collection":[{"href":"https:\/\/www.sudoestehoje.com.br\/novoportal\/wp-json\/wp\/v2\/posts"}],"about":[{"href":"https:\/\/www.sudoestehoje.com.br\/novoportal\/wp-json\/wp\/v2\/types\/post"}],"author":[{"embeddable":true,"href":"https:\/\/www.sudoestehoje.com.br\/novoportal\/wp-json\/wp\/v2\/users\/2"}],"replies":[{"embeddable":true,"href":"https:\/\/www.sudoestehoje.com.br\/novoportal\/wp-json\/wp\/v2\/comments?post=115521"}],"version-history":[{"count":4,"href":"https:\/\/www.sudoestehoje.com.br\/novoportal\/wp-json\/wp\/v2\/posts\/115521\/revisions"}],"predecessor-version":[{"id":115526,"href":"https:\/\/www.sudoestehoje.com.br\/novoportal\/wp-json\/wp\/v2\/posts\/115521\/revisions\/115526"}],"wp:featuredmedia":[{"embeddable":true,"href":"https:\/\/www.sudoestehoje.com.br\/novoportal\/wp-json\/wp\/v2\/media\/115522"}],"wp:attachment":[{"href":"https:\/\/www.sudoestehoje.com.br\/novoportal\/wp-json\/wp\/v2\/media?parent=115521"}],"wp:term":[{"taxonomy":"category","embeddable":true,"href":"https:\/\/www.sudoestehoje.com.br\/novoportal\/wp-json\/wp\/v2\/categories?post=115521"},{"taxonomy":"post_tag","embeddable":true,"href":"https:\/\/www.sudoestehoje.com.br\/novoportal\/wp-json\/wp\/v2\/tags?post=115521"}],"curies":[{"name":"wp","href":"https:\/\/api.w.org\/{rel}","templated":true}]}}